{"id":161269,"date":"2025-06-08T16:16:11","date_gmt":"2025-06-08T16:16:11","guid":{"rendered":"https:\/\/www.europesays.com\/fr\/161269\/"},"modified":"2025-06-08T16:16:11","modified_gmt":"2025-06-08T16:16:11","slug":"strasbourg-la-foire-europeenne-aura-lieu-du-5-au-14-septembre-avec-plein-de-concerts","status":"publish","type":"post","link":"https:\/\/www.europesays.com\/fr\/161269\/","title":{"rendered":"Strasbourg. La Foire europ\u00e9enne aura lieu du 5 au 14 septembre, avec plein de concerts"},"content":{"rendered":"<p>La Foire europ\u00e9enne de Strasbourg (FES) se pr\u00e9pare. La 93e \u00e9dition se tiendra du 5 au 14\u00a0septembre sur dix hectares, toujours aux Palais des expositions (PEX) et de la musique et des congr\u00e8s (PMC). L\u2019organisateur Strasbourg Events attend 110\u00a0000 visiteurs environ pour pr\u00e8s de 500 exposants. <\/p>\n<p>S\u2019il reste commercial, ce rendez-vous se veut de plus en plus \u201cexp\u00e9rience\u201d. Outre les habituels stands de professionnels (artisans, agriculteurs, h\u00f4teliers-restaurateurs\u2026) et leurs traditionnels concours (la fameuse bouch\u00e9e \u00e0 la reine\u00a0!), le public se verra donc proposer plus de 500 animations pour petits et grands\u00a0: ateliers culinaires, parcours aventure, concerts&#8230;<\/p>\n<p>Cette ann\u00e9e, la FES pr\u00e9sentera une grande exposition \u00ab\u00a0Irlande Terre de l\u00e9gendes\u00a0\u00bb (le concept de pays h\u00f4te est abandonn\u00e9), et toute une programmation musicale en soir\u00e9e (dont Robin Leon et Gold). Acc\u00e8s gratuit pour que la \u00ab\u00a0f\u00eate soit populaire\u00a0\u00bb.<\/p>\n<p>L\u2019Italie sera elle aussi tr\u00e8s pr\u00e9sente, le Salon du livre 2024 reconduit, et comme LA foire, lieu des bonnes affaires\u201d, reste aussi un \u00e9v\u00e9nement \u00e9conomique important, un job dating \u201ccomp\u00e9tences\u201d est pr\u00e9vu.<\/p>\n","protected":false},"excerpt":{"rendered":"La Foire europ\u00e9enne de Strasbourg (FES) se pr\u00e9pare. La 93e \u00e9dition se tiendra du 5 au 14\u00a0septembre sur&hellip;\n","protected":false},"author":2,"featured_media":161270,"comment_status":"","ping_status":"","sticky":false,"template":"","format":"standard","meta":{"footnotes":""},"categories":[2820],"tags":[1111,11,327,2389,1477,4406,130,1687,33,2880,1777,674,3326,107,1685,1011,27,775,12,2661,2922,25,640,2879,216],"class_list":{"0":"post-161269","1":"post","2":"type-post","3":"status-publish","4":"format-standard","5":"has-post-thumbnail","7":"category-strasbourg","8":"tag-actu","9":"tag-actualites","10":"tag-agriculture","11":"tag-alsace","12":"tag-artisanat","13":"tag-commerce-et-services","14":"tag-consommation","15":"tag-culture-loisirs","16":"tag-economie","17":"tag-edition-strasbourg","18":"tag-eu","19":"tag-europe","20":"tag-fete-locale","21":"tag-fil-info","22":"tag-foire-et-salon","23":"tag-fr","24":"tag-france","25":"tag-grand-est","26":"tag-news","27":"tag-patrimoine-culturel","28":"tag-pouvoir-dachat","29":"tag-republique-francaise","30":"tag-strasbourg","31":"tag-strasbourg-ville","32":"tag-vie-des-entreprises"},"share_on_mastodon":{"url":"https:\/\/pubeurope.com\/@fr\/114648644522739616","error":""},"_links":{"self":[{"href":"https:\/\/www.europesays.com\/fr\/wp-json\/wp\/v2\/posts\/161269","targetHints":{"allow":["GET"]}}],"collection":[{"href":"https:\/\/www.europesays.com\/fr\/wp-json\/wp\/v2\/posts"}],"about":[{"href":"https:\/\/www.europesays.com\/fr\/wp-json\/wp\/v2\/types\/post"}],"author":[{"embeddable":true,"href":"https:\/\/www.europesays.com\/fr\/wp-json\/wp\/v2\/users\/2"}],"replies":[{"embeddable":true,"href":"https:\/\/www.europesays.com\/fr\/wp-json\/wp\/v2\/comments?post=161269"}],"version-history":[{"count":0,"href":"https:\/\/www.europesays.com\/fr\/wp-json\/wp\/v2\/posts\/161269\/revisions"}],"wp:featuredmedia":[{"embeddable":true,"href":"https:\/\/www.europesays.com\/fr\/wp-json\/wp\/v2\/media\/161270"}],"wp:attachment":[{"href":"https:\/\/www.europesays.com\/fr\/wp-json\/wp\/v2\/media?parent=161269"}],"wp:term":[{"taxonomy":"category","embeddable":true,"href":"https:\/\/www.europesays.com\/fr\/wp-json\/wp\/v2\/categories?post=161269"},{"taxonomy":"post_tag","embeddable":true,"href":"https:\/\/www.europesays.com\/fr\/wp-json\/wp\/v2\/tags?post=161269"}],"curies":[{"name":"wp","href":"https:\/\/api.w.org\/{rel}","templated":true}]}}