{"id":161276,"date":"2025-06-08T16:20:14","date_gmt":"2025-06-08T16:20:14","guid":{"rendered":"https:\/\/www.europesays.com\/fr\/161276\/"},"modified":"2025-06-08T16:20:14","modified_gmt":"2025-06-08T16:20:14","slug":"cette-association-nantaise-recolte-des-temoignages","status":"publish","type":"post","link":"https:\/\/www.europesays.com\/fr\/161276\/","title":{"rendered":"cette association nantaise r\u00e9colte des t\u00e9moignages"},"content":{"rendered":"<p>            Par<br \/>\n        <strong><br \/>\n            <a href=\"https:\/\/actu.fr\/auteur\/tristan-mahe-actu-fr\" title=\"Consulter tous les articles de Tristan Mah\u00e9\" target=\"_blank\" rel=\"noopener\">Tristan Mah\u00e9<\/a><br \/>\n        <\/strong><\/p>\n<p>        Publi\u00e9 le<\/p>\n<p>            8 juin 2025 \u00e0 17h40        <\/p>\n<p>Beaucoup pensent qu\u2019une histoire r\u00e9ussie commence par \u00ab\u2009il \u00e9tait une fois\u2009\u00bb et termine par \u00ab\u2009ils v\u00e9curent heureux et eurent beaucoup d\u2019enfants\u2009\u00bb. Mais une infinit\u00e9 d\u2019histoires existent, si on apprend \u00e0 \u00e9couter les gens. De v\u00e9ritables tr\u00e9sors enfouis au c\u0153ur de nos souvenirs, qui ne demandent qu\u2019\u00e0 \u00eatre d\u00e9terr\u00e9s et partag\u00e9s\u2026<br \/>Et \u00e7a, l\u2019association nantaise <a href=\"https:\/\/globeconteur.org\/\" target=\"_blank\" rel=\"noopener\">Globe conteur<\/a> l\u2019a parfaitement compris. Cr\u00e9\u00e9 en 2017, le collectif Globe conteur s\u2019est donn\u00e9 pour mission de recueillir un maximum de t\u00e9moignages de gens de tous les \u00e2ges, et a franchi l\u2019\u00e9tape symbolique des <strong>1000 histoires<\/strong> au d\u00e9but de l\u2019ann\u00e9e 2025.<\/p>\n<p class=\" wall-content\">\u00ab\u2009Avec des histoires qui datent <strong>de 1936 \u00e0 2020<\/strong>, on voyage dans le temps\u2009\u00bb, s\u2019amuse Marie. Un projet culturel qui vise \u00e0<strong> faciliter l\u2019\u00e9change et le lien social<\/strong>\u2009: \u00ab\u2009On veut que les gens se rencontrent sur le territoire\u2009\u00bb, explique Marie, une salari\u00e9e de l\u2019association.<\/p>\n<p>Des archives par la parole<\/p>\n<p class=\" wall-content\">L\u2019initiative de Globe conteur est ax\u00e9e sur <strong>la vie locale <\/strong>et sur<strong> le volontariat<\/strong>. \u00ab\u2009Les gens cherchent souvent un pr\u00e9texte pour se mettre en lien. Et quoi de mieux que la collecte d\u2019histoire de vie pour \u00e9changer\u2009?\u2009\u00bb, d\u00e9crit Carole-Anne, une autre salari\u00e9e de Globe conteur<\/p>\n<p class=\" wall-content\">Car oui, ce sont les citoyens qui collectent les anecdotes de leurs voisins ou de leurs proches, et les postent sous forme \u00e9crite ou audio sur la \u00ab<a href=\"https:\/\/globeconteur.org\/la-carte-vivante\/\" target=\"_blank\" rel=\"noopener\">\u2009carte vivante<\/a>\u2009\u00bb de Globe conteur.<\/p>\n<p class=\" wall-content\">L\u2019association forme r\u00e9guli\u00e8rement les adh\u00e9rents et participants aux projets communaux. Elle compte une vingtaine de collecteurs r\u00e9guliers et actifs.<\/p>\n<p>    <a href=\"https:\/\/www.facebook.com\/plugins\/post.php?href=https%3A%2F%2Fwww.facebook.com%2Fglobeconteur%2Fposts%2Fpfbid07QtYkRPoXguvzj2RXtCx2fvcTua8matKswEiTfxed314AEi9AhVHqsgUHEnBteM1l&amp;show_text=true&amp;width=350\" title=\"Ouvrie le lien\" target=\"_blank\" rel=\"noopener\">Cliquez ici pour visualiser le contenu<\/a><\/p>\n<p class=\" wall-content\">Actuellement, un projet de collecte d\u2019histoires est en cours dans la commune de <a href=\"https:\/\/actu.fr\/pays-de-la-loire\/saint-sebastien-sur-loire_44190\" target=\"_blank\" rel=\"noopener\">Saint-S\u00e9bastien-sur-Loire<\/a> sur le <strong>th\u00e8me de la parentalit\u00e9<\/strong>. Plus de 15 t\u00e9moignages ont d\u00e9j\u00e0 \u00e9t\u00e9 recueillis en six mois, et vont donner lieu \u00e0 une grande exposition.<\/p>\n<p>\u00ab\u2009Tout le monde a le droit \u00e0 la parole\u2009\u00bb<\/p>\n<p class=\" wall-content\">\u00ab\u2009<strong>Une personne sur dix est en situation d\u2019isolement<\/strong>\u2009\u00bb, explique Carole-Anne. Et si le chiffre est effrayant, l\u2019association entend bien rendre la parole accessible \u00e0 tous, et de permettre \u00e0 ceux qui en ont besoin de se sentir utiles.<\/p>\n<p class=\" wall-content\">\u00ab\u2009On ne s\u00e9lectionne pas les histoires, on veut donner la parole \u00e0 ceux qu\u2019on entend le moins. <strong>Tout le monde a le droit \u00e0 la parole<\/strong>\u2009<strong>\u00bb<\/strong>, soutient Carole-Anne.<\/p>\n<p class=\" wall-content\">Passer d\u2019une introvertie qui finit par hasard dans un <a href=\"https:\/\/soundcloud.com\/user-625072056\/musique-dans-le-train?utm_source=clipboard&amp;utm_campaign=wtshare&amp;utm_medium=widget&amp;utm_content=https%253A%252F%252Fsoundcloud.com%252Fuser-625072056%252Fmusique-dans-le-train\" target=\"_blank\" rel=\"noopener\">b\u0153uf musical pendant un voyage en train<\/a>, \u00e0 une femme qui raconte les angoisses de son avortement clandestin\u2026 \u00ab\u2009Il y a parfois des t\u00e9moignages o\u00f9 j\u2019ai eu la larme \u00e0 l\u2019\u0153il, se souvient Carole-Anne. Je trouve \u00e7a super beau.\u2009\u00bb<\/p>\n<p>Et apr\u00e8s\u2009?<\/p>\n<p class=\" wall-content\">La structure de collecte d\u2019histoires a des projets pour la suite. Avec son nouveau format \u00ab<strong>\u2009tranche de vie<\/strong>\u2009\u00bb en plus des \u00ab\u2009petites histoires\u2009\u00bb, Globe conteur propose des t\u00e9moignages de dix minutes sur une \u00e9poque ou un quartier.<\/p>\n<p class=\" wall-content\">En relation avec les <a href=\"https:\/\/archives.nantes.fr\/home\/rechercher-et-consulter\/archives-numerisees.html\" target=\"_blank\" rel=\"noopener\">archives de la ville de Nantes<\/a>, le collectif voudrait mettre sur pied une \u00e9quipe permanente de collecteurs sur Nantes.<\/p>\n<p class=\" wall-content\">Mais \u00e7a, <strong>c\u2019est une autre histoire<\/strong>\u2026<\/p>\n<p class=\" wall-content\">Suivez toute l\u2019actualit\u00e9 de vos villes et m\u00e9dias favoris en vous inscrivant \u00e0 <a href=\"https:\/\/moncompte.actu.fr\" title=\"D\u00e9couvez Mon Actu\" rel=\"nofollow noopener\" data-trk=\"{&quot;cta&quot;:{&quot;action&quot;:&quot;https:\\\/\\\/moncompte.actu.fr&quot;,&quot;category&quot;:&quot;mon compte&quot;,&quot;from&quot;:&quot;article footer&quot;,&quot;name&quot;:&quot;Mon actu&quot;,&quot;type&quot;:&quot;cta&quot;}}\" target=\"_blank\">Mon Actu<\/a>.<\/p>\n","protected":false},"excerpt":{"rendered":"Par Tristan Mah\u00e9 Publi\u00e9 le 8 juin 2025 \u00e0 17h40 Beaucoup pensent qu\u2019une histoire r\u00e9ussie commence par \u00ab\u2009il&hellip;\n","protected":false},"author":2,"featured_media":161277,"comment_status":"","ping_status":"","sticky":false,"template":"","format":"standard","meta":{"footnotes":""},"categories":[2818],"tags":[1111,11,1777,674,1011,27,937,766,12,2636,25,104,240],"class_list":{"0":"post-161276","1":"post","2":"type-post","3":"status-publish","4":"format-standard","5":"has-post-thumbnail","7":"category-nantes","8":"tag-actu","9":"tag-actualites","10":"tag-eu","11":"tag-europe","12":"tag-fr","13":"tag-france","14":"tag-histoire","15":"tag-nantes","16":"tag-news","17":"tag-pays-de-la-loire","18":"tag-republique-francaise","19":"tag-societe","20":"tag-temoignage"},"share_on_mastodon":{"url":"https:\/\/pubeurope.com\/@fr\/114648660252664770","error":""},"_links":{"self":[{"href":"https:\/\/www.europesays.com\/fr\/wp-json\/wp\/v2\/posts\/161276","targetHints":{"allow":["GET"]}}],"collection":[{"href":"https:\/\/www.europesays.com\/fr\/wp-json\/wp\/v2\/posts"}],"about":[{"href":"https:\/\/www.europesays.com\/fr\/wp-json\/wp\/v2\/types\/post"}],"author":[{"embeddable":true,"href":"https:\/\/www.europesays.com\/fr\/wp-json\/wp\/v2\/users\/2"}],"replies":[{"embeddable":true,"href":"https:\/\/www.europesays.com\/fr\/wp-json\/wp\/v2\/comments?post=161276"}],"version-history":[{"count":0,"href":"https:\/\/www.europesays.com\/fr\/wp-json\/wp\/v2\/posts\/161276\/revisions"}],"wp:featuredmedia":[{"embeddable":true,"href":"https:\/\/www.europesays.com\/fr\/wp-json\/wp\/v2\/media\/161277"}],"wp:attachment":[{"href":"https:\/\/www.europesays.com\/fr\/wp-json\/wp\/v2\/media?parent=161276"}],"wp:term":[{"taxonomy":"category","embeddable":true,"href":"https:\/\/www.europesays.com\/fr\/wp-json\/wp\/v2\/categories?post=161276"},{"taxonomy":"post_tag","embeddable":true,"href":"https:\/\/www.europesays.com\/fr\/wp-json\/wp\/v2\/tags?post=161276"}],"curies":[{"name":"wp","href":"https:\/\/api.w.org\/{rel}","templated":true}]}}