{"id":161286,"date":"2025-06-08T16:25:09","date_gmt":"2025-06-08T16:25:09","guid":{"rendered":"https:\/\/www.europesays.com\/fr\/161286\/"},"modified":"2025-06-08T16:25:09","modified_gmt":"2025-06-08T16:25:09","slug":"toulouse-dix-degres-en-plus-une-vague-de-chaleur-arrive-sur-la-ville-rose-previent-meteo-france","status":"publish","type":"post","link":"https:\/\/www.europesays.com\/fr\/161286\/","title":{"rendered":"Toulouse. Dix degr\u00e9s en plus\u2026 \u00ab\u00a0Une vague de chaleur\u00a0\u00bb arrive sur la Ville rose, pr\u00e9vient M\u00e9t\u00e9o France"},"content":{"rendered":"<p>            Par<br \/>\n        <strong><br \/>\n            <a href=\"https:\/\/actu.fr\/auteur\/guillaume-laurens\" title=\"Consulter tous les articles de Guillaume Laurens\" rel=\"nofollow noopener\" target=\"_blank\">Guillaume Laurens<\/a><br \/>\n        <\/strong><\/p>\n<p>        Publi\u00e9 le<\/p>\n<p>            8 juin 2025 \u00e0 17h43        <\/p>\n<p>Apr\u00e8s un week-end assez frais pour la saison,<strong> des \u00ab\u00a0temp\u00e9ratures chaudes\u00a0\u00bb<\/strong> sont annonc\u00e9es ces prochains jours sur <a href=\"https:\/\/actu.fr\/toulouse\/\" rel=\"nofollow noopener\" target=\"_blank\"><strong>Toulouse<\/strong> <\/a>et sa r\u00e9gion, o\u00f9 \u00ab\u00a0une <strong>vague de chaleur\u00a0\u00bb<\/strong> se profile, pr\u00e9vient-on chez M\u00e9t\u00e9o France ce dimanche 8 juin 2025. Voici \u00e0 quoi s\u2019attendre.<\/p>\n<p>\u00ab\u00a0Se m\u00e9fier des chaleurs pr\u00e9coces\u00a0\u00bb, dit le pr\u00e9visionniste<\/p>\n<p class=\" wall-content\">\u00ab\u00a0Les temp\u00e9ratures vont augmenter petit \u00e0 petit au fil des jours, avec 28\u00b0C environ lundi sur Toulouse\u00a0\u00bb, annonce <strong>Sa\u00efd Asbatri<\/strong>, pr\u00e9visionniste chez M\u00e9t\u00e9o France. \u00ab\u00a0Une vague de chaleur commence, sans \u00eatre exceptionnelle non plus, mais il faut se m\u00e9fier, car les chaleurs pr\u00e9coces sont difficiles \u00e0 supporter\u00a0\u00bb.<\/p>\n<p>32\u00b0C mardi et m\u00eame 34\u00b0C pr\u00e9vus mercredi<\/p>\n<p class=\" wall-content\">La barre symbolique des 30\u00b0C ne devrait \u00eatre franchie que le lendemain, et cela devrait durer plusieurs jours. \u00ab\u00a0<strong>Mardi<\/strong>, cela va commencer \u00e0 bien chauffer, avec 32\u00b0C, voire 33\u00b0C\u00a0\u00bb sur la Ville rose, d\u2019apr\u00e8s le pr\u00e9visionniste. \u00ab\u00a0<strong>Mercredi<\/strong>, on devrait monter jusqu\u2019\u00e0 <strong>34\u00b0C sur Toulouse,<\/strong> soit <a href=\"https:\/\/actu.fr\/occitanie\/toulouse_31555\/fraicheur-eclaircies-ou-grand-soleil-les-previsions-meteo-a-toulouse-et-en-occitanie-ce-dimanche_62743922.html\" rel=\"nofollow noopener\" target=\"_blank\">environ dix degr\u00e9s de plus que ce dimanche.<\/a> Et les temp\u00e9ratures devraient l\u00e9g\u00e8rement baisser les jours suivants\u00a0\u00bb, tout en restant au-dessus des 30\u00b0C.<\/p>\n<p>Plus de 30\u00b0C jusqu\u2019\u00e0 samedi, 28 \u00e0 29\u00b0C \u00ab\u00a0jusqu\u2019au 20 juin\u00a0\u00bb<\/p>\n<p class=\" wall-content\">\u00c0 ce jour, <strong>32\u00b0C<\/strong> sont pr\u00e9vus <strong>jeudi<\/strong> sur Toulouse, <strong>31\u00b0C vendredi<\/strong>, et aux alentours de <strong>30\u00b0C samedi<\/strong>. \u00ab\u00a0Apr\u00e8s \u00e7a rebaisse pour retrouver des temp\u00e9ratures de saison. Jusqu\u2019aux 28 et 29\u00b0C jusuq\u2019au 20 juin\u00a0\u00bb au moins.<\/p>\n<p>Journ\u00e9es chaudes, nuits encore fra\u00eeches<\/p>\n<p class=\" wall-content\">\u00ab\u00a0L\u2019\u00e9t\u00e9 arrive et l\u2019anticyclone commence \u00e0 s\u2019installer\u00a0\u00bb, observe Sa\u00efd Asbatri, qui d\u00e9taille : \u00ab\u00a0Ce sont des temp\u00e9ratures un peu plus chaudes de ce qu\u2019on observe g\u00e9n\u00e9ralement pour un d\u00e9but juin, mais cela ne rel\u00e8ve pas d\u2019une canicule non plus\u00a0\u00bb.<\/p>\n<blockquote class=\"ac-article-quote wall-content\">\n<p>Les maximales seront \u00e9lev\u00e9es pour la saison, mais les minimales devraient rester encore basses les premiers jours de la vague de chaleur.<\/p>\n<p>    <strong>Sa\u00efd Asbatri<\/strong><br \/>\n        Pr\u00e9visionniste chez M\u00e9t\u00e9o France    <\/p><\/blockquote>\n<p>Vid\u00e9os : en ce moment sur Actu<\/p>\n<p class=\" wall-content\">Bonne nouvelle, en effet, pour les Toulousains : les nuits resteront assez fra\u00eeches sur la Ville rose, avec seulement 14\u00b0C mardi, 17\u00b0C mardi \u00e0 mercredi, 20 \u00e0 21\u00b0C dans la nuit de mercredi \u00e0 jeudi.<\/p>\n<p>Pas d&rsquo;alerte orange canicule en vue pour l&rsquo;instant<\/p>\n<p>Au regard des temp\u00e9ratures annonc\u00e9es, M\u00e9t\u00e9o France n&rsquo;envisage pas, \u00e0 cette heure, de passage en vigilance orange canicule pour la Haute-Garonne.\u00a0Pour qu&rsquo;une vigilance canicule orange soit d\u00e9clench\u00e9e sur la Haute-Garonne, il faut g\u00e9n\u00e9ralement que les temp\u00e9ratures maximales soient sup\u00e9rieures \u00e0 36\u00b0C et les minimales \u00e0 21\u00b0C pendant trois jours et trois nuits cons\u00e9cutifs sur Toulouse. D&rsquo;autres facteurs peuvent toutefois entrer en jeu, comme la dur\u00e9e de l&rsquo;\u00e9pisode, le moment dans la saison estivale, etc.<\/p>\n<p>Un record mensuel battu en mai<\/p>\n<p class=\" wall-content\">Ce coup de chaud n\u2019est toutefois <a href=\"https:\/\/actu.fr\/occitanie\/toulouse_31555\/un-premier-pic-de-chaleur-arrive-a-toulouse-jusqu-a-33-c-attendus-un-avant-gout-de-l-ete_62693776.html\" rel=\"nofollow noopener\" target=\"_blank\">pas le premier de la saison<\/a>. Rappelons qu\u2019un <strong>record mensuel<\/strong> avait m\u00eame \u00e9t\u00e9 battu en mai dans la Ville rose, lors du pont de l\u2019Ascension, vendredi 30, quand <strong>34,5\u00b0C<\/strong> ont \u00e9t\u00e9 enregistr\u00e9s sur la station de Toulouse-Blagnac\u2026 avant de perdre environ 10 degr\u00e9s en 48 heures !<\/p>\n<p>Occitanie : c\u2019est \u00e0 Cahors qu\u2019il fera le plus chaud<\/p>\n<p class=\" wall-content\">Cette vague de chaleur devrait toucher <a href=\"https:\/\/actu.fr\/meteo\/des-pics-a-35-c-de-fortes-chaleurs-en-france-la-semaine-prochaine-les-temperatures-vont-s-envoler_62727715.html\" rel=\"nofollow noopener\" target=\"_blank\">une large partie de la France,<\/a> et le sch\u00e9ma pr\u00e9vu sur Toulouse sera grosso modo le m\u00eame ailleurs en Occitanie. \u00c0 l\u2019\u00e9chelle de la r\u00e9gion, le pic de chaleur est annonc\u00e9 sur le bassin de <strong>Cahors<\/strong>, dans le Lot, o\u00f9 il devrait faire <strong>36\u00b0C mercredi. <\/strong><\/p>\n<p class=\" wall-content\">\u00c0 l\u2019\u00e9chelle du sud-ouest, c\u2019est en Nouvelle-Aquitaine que le mercure devrait grimper le plus haut : \u00ab\u00a037 \u00e0 38\u00b0C sont \u00e0 attendre sur les <strong>Landes<\/strong>\u00ab\u00a0.<\/p>\n<p class=\" wall-content\">\n<p class=\" wall-content\">Suivez toute l\u2019actualit\u00e9 de vos villes et m\u00e9dias favoris en vous inscrivant \u00e0 <a href=\"https:\/\/moncompte.actu.fr\" title=\"D\u00e9couvez Mon Actu\" rel=\"nofollow noopener\" data-trk=\"{&quot;cta&quot;:{&quot;action&quot;:&quot;https:\\\/\\\/moncompte.actu.fr&quot;,&quot;category&quot;:&quot;mon compte&quot;,&quot;from&quot;:&quot;article footer&quot;,&quot;name&quot;:&quot;Mon actu&quot;,&quot;type&quot;:&quot;cta&quot;}}\" target=\"_blank\">Mon Actu<\/a>.<\/p>\n","protected":false},"excerpt":{"rendered":"Par Guillaume Laurens Publi\u00e9 le 8 juin 2025 \u00e0 17h43 Apr\u00e8s un week-end assez frais pour la saison,&hellip;\n","protected":false},"author":2,"featured_media":161287,"comment_status":"","ping_status":"","sticky":false,"template":"","format":"standard","meta":{"footnotes":""},"categories":[2816],"tags":[1111,11,1777,674,1011,27,2487,2357,12,2680,25,2312],"class_list":{"0":"post-161286","1":"post","2":"type-post","3":"status-publish","4":"format-standard","5":"has-post-thumbnail","7":"category-toulouse","8":"tag-actu","9":"tag-actualites","10":"tag-eu","11":"tag-europe","12":"tag-fr","13":"tag-france","14":"tag-meteo","15":"tag-meteo-france","16":"tag-news","17":"tag-occitanie","18":"tag-republique-francaise","19":"tag-toulouse"},"share_on_mastodon":{"url":"https:\/\/pubeurope.com\/@fr\/114648680050380394","error":""},"_links":{"self":[{"href":"https:\/\/www.europesays.com\/fr\/wp-json\/wp\/v2\/posts\/161286","targetHints":{"allow":["GET"]}}],"collection":[{"href":"https:\/\/www.europesays.com\/fr\/wp-json\/wp\/v2\/posts"}],"about":[{"href":"https:\/\/www.europesays.com\/fr\/wp-json\/wp\/v2\/types\/post"}],"author":[{"embeddable":true,"href":"https:\/\/www.europesays.com\/fr\/wp-json\/wp\/v2\/users\/2"}],"replies":[{"embeddable":true,"href":"https:\/\/www.europesays.com\/fr\/wp-json\/wp\/v2\/comments?post=161286"}],"version-history":[{"count":0,"href":"https:\/\/www.europesays.com\/fr\/wp-json\/wp\/v2\/posts\/161286\/revisions"}],"wp:featuredmedia":[{"embeddable":true,"href":"https:\/\/www.europesays.com\/fr\/wp-json\/wp\/v2\/media\/161287"}],"wp:attachment":[{"href":"https:\/\/www.europesays.com\/fr\/wp-json\/wp\/v2\/media?parent=161286"}],"wp:term":[{"taxonomy":"category","embeddable":true,"href":"https:\/\/www.europesays.com\/fr\/wp-json\/wp\/v2\/categories?post=161286"},{"taxonomy":"post_tag","embeddable":true,"href":"https:\/\/www.europesays.com\/fr\/wp-json\/wp\/v2\/tags?post=161286"}],"curies":[{"name":"wp","href":"https:\/\/api.w.org\/{rel}","templated":true}]}}