{"id":161288,"date":"2025-06-08T16:26:09","date_gmt":"2025-06-08T16:26:09","guid":{"rendered":"https:\/\/www.europesays.com\/fr\/161288\/"},"modified":"2025-06-08T16:26:09","modified_gmt":"2025-06-08T16:26:09","slug":"villeneuve-dascq-station-59-une-nouvelle-residence-etudiante-de-plus-de-300-lits","status":"publish","type":"post","link":"https:\/\/www.europesays.com\/fr\/161288\/","title":{"rendered":"Villeneuve-d&rsquo;Ascq. Station 59, une nouvelle r\u00e9sidence \u00e9tudiante de plus de 300 lits"},"content":{"rendered":"<p>            Par<br \/>\n        <strong><br \/>\n            <a href=\"https:\/\/actu.fr\/auteur\/nicolas-demollien\" title=\"Consulter tous les articles de Nicolas Demollien\" target=\"_blank\" rel=\"noopener\">Nicolas Demollien<\/a><br \/>\n        <\/strong><\/p>\n<p>        Publi\u00e9 le<\/p>\n<p>            8 juin 2025 \u00e0 17h34        <\/p>\n<p>Ouverte en d\u00e9but d\u2019ann\u00e9e 2025, la <b>r\u00e9sidence Uxco Student Station 59<\/b> a \u00e9t\u00e9 inaugur\u00e9e d\u00e9but juin \u00e0 <a href=\"https:\/\/actu.fr\/hauts-de-france\/villeneuve-d-ascq_59009\" target=\"_blank\" rel=\"noopener\">Villeneuve-d\u2019Ascq<\/a> (Nord). Le lieu est novateur et compte <b>plus de 300 lits<\/b>. Il s\u2019inscrit dans le programme \u00ab\u00a0Grand Angle\u00a0\u00bb qui comprend \u00e9galement un centre social municipal de 960 m\u00b2, des espaces de bureaux de 450 m\u00b2 et des am\u00e9nagements paysagers.<\/p>\n<p>Zoom sur Uxco Student Station 59 \u00e0 Villeneuve-d\u2019Ascq<\/p>\n<p class=\" wall-content\">La nouvelle r\u00e9sidence de <b>pr\u00e8s de 9 000 m\u00b2 <\/b>est l\u2019aboutissement d\u2019un investissement port\u00e9 conjointement par UXCO Group et la Banque des Territoires. Localis\u00e9e \u00e0 deux pas de la <b>station de m\u00e9tro Pont de Bois<\/b>, la r\u00e9sidence b\u00e9n\u00e9ficie d\u2019un emplacement privil\u00e9gi\u00e9 \u00e0 proximit\u00e9 imm\u00e9diate des principaux p\u00f4les d\u2019enseignement : Campus Pont de Bois, \u00c9cole nationale d\u2019architecture et Campus Cit\u00e9 Scientifique.<\/p>\n<p data-end=\"2024\" class=\" wall-content\">Le chantier avait d\u00e9but\u00e9 en 2022 afin de mettre en \u0153uvre \u00ab\u00a0un <b>nouveau concept de l\u2019habitat \u00e9tudiant<\/b>\u00a0\u00bb \u00e0 travers 319 lits, allant <b>du studio au T5<\/b>. L\u2019innovation se manifeste plus particuli\u00e8rement dans les <b>1 400 m\u00b2 d\u2019espaces communs<\/b>, pens\u00e9s comme de v\u00e9ritables lieux de vie et d\u2019\u00e9change. Les r\u00e9sidents b\u00e9n\u00e9ficient d\u2019espaces de coworking modernes, d\u2019une salle de fitness \u00e9quip\u00e9e, d\u2019une laverie connect\u00e9e, d\u2019un local \u00e0 v\u00e9los et d\u2019un service de location d\u2019\u00e9lectrom\u00e9nagers, le tout accessible dans un environnement s\u00e9curis\u00e9.<\/p>\n<p data-end=\"5194\" class=\" wall-content\">\u201cAvec cette r\u00e9sidence, nous r\u00e9affirmons notre engagement en faveur de la transformation urbaine et du d\u00e9veloppement de projets mixtes, au service des territoires. Nous avons voulu aller au-del\u00e0, en imaginant un \u00e9cosyst\u00e8me urbain qui r\u00e9ponde \u00e0 plusieurs besoins : se loger, \u00e9tudier, travailler, vivre ensemble\u00a0\u00bb, commente Philippe Cl\u00e9ment, directeur territorial Hauts-de-France de Vinci Immobilier.<\/p>\n<p data-end=\"5194\" class=\" wall-content\">Et Ma\u00ebl Aoustin, CEO et pr\u00e9sident du directoire d\u2019UXCO Group de conclure :\u00a0 \u00ab\u00a0UXCO Student Station 59 est l\u2019illustration parfaite de ce que nous pouvons accomplir lorsque collectivit\u00e9s, investisseurs et promoteurs unissent leurs forces autour d\u2019une ambition commune : offrir aux jeunes un cadre de vie moderne, inclusif et connect\u00e9 \u00e0 la dynamique locale\u00a0\u00bb.<\/p>\n<p class=\" wall-content\">Suivez toute l\u2019actualit\u00e9 de vos villes et m\u00e9dias favoris en vous inscrivant \u00e0 <a href=\"https:\/\/moncompte.actu.fr\" title=\"D\u00e9couvez Mon Actu\" rel=\"nofollow noopener\" data-trk=\"{&quot;cta&quot;:{&quot;action&quot;:&quot;https:\\\/\\\/moncompte.actu.fr&quot;,&quot;category&quot;:&quot;mon compte&quot;,&quot;from&quot;:&quot;article footer&quot;,&quot;name&quot;:&quot;Mon actu&quot;,&quot;type&quot;:&quot;cta&quot;}}\" target=\"_blank\">Mon Actu<\/a>.<\/p>\n<ul class=\"ac-article-tag wall-content\">\n<li><a href=\"https:\/\/actu.fr\/tag\/etudiantses\" data-trk=\"{&quot;cta&quot;:{&quot;action&quot;:&quot;Etudiants(es)&quot;,&quot;category&quot;:&quot;tag&quot;,&quot;from&quot;:&quot;article footer&quot;,&quot;name&quot;:&quot;Etudiants(es)&quot;,&quot;type&quot;:&quot;cta&quot;}}\" target=\"_blank\" rel=\"noopener\">#Etudiants(es)<\/a><\/li>\n<li><a href=\"https:\/\/actu.fr\/tag\/immobilier\" data-trk=\"{&quot;cta&quot;:{&quot;action&quot;:&quot;Immobilier&quot;,&quot;category&quot;:&quot;tag&quot;,&quot;from&quot;:&quot;article footer&quot;,&quot;name&quot;:&quot;Immobilier&quot;,&quot;type&quot;:&quot;cta&quot;}}\" target=\"_blank\" rel=\"noopener\">#Immobilier<\/a><\/li>\n<\/ul>\n","protected":false},"excerpt":{"rendered":"Par Nicolas Demollien Publi\u00e9 le 8 juin 2025 \u00e0 17h34 Ouverte en d\u00e9but d\u2019ann\u00e9e 2025, la r\u00e9sidence Uxco&hellip;\n","protected":false},"author":2,"featured_media":161289,"comment_status":"","ping_status":"","sticky":false,"template":"","format":"standard","meta":{"footnotes":""},"categories":[2815],"tags":[1111,11,1064,1777,674,1011,27,811,1116,1307,12,25,104],"class_list":{"0":"post-161288","1":"post","2":"type-post","3":"status-publish","4":"format-standard","5":"has-post-thumbnail","7":"category-lille","8":"tag-actu","9":"tag-actualites","10":"tag-etudiantses","11":"tag-eu","12":"tag-europe","13":"tag-fr","14":"tag-france","15":"tag-hauts-de-france","16":"tag-immobilier","17":"tag-lille","18":"tag-news","19":"tag-republique-francaise","20":"tag-societe"},"share_on_mastodon":{"url":"https:\/\/pubeurope.com\/@fr\/114648683916866258","error":""},"_links":{"self":[{"href":"https:\/\/www.europesays.com\/fr\/wp-json\/wp\/v2\/posts\/161288","targetHints":{"allow":["GET"]}}],"collection":[{"href":"https:\/\/www.europesays.com\/fr\/wp-json\/wp\/v2\/posts"}],"about":[{"href":"https:\/\/www.europesays.com\/fr\/wp-json\/wp\/v2\/types\/post"}],"author":[{"embeddable":true,"href":"https:\/\/www.europesays.com\/fr\/wp-json\/wp\/v2\/users\/2"}],"replies":[{"embeddable":true,"href":"https:\/\/www.europesays.com\/fr\/wp-json\/wp\/v2\/comments?post=161288"}],"version-history":[{"count":0,"href":"https:\/\/www.europesays.com\/fr\/wp-json\/wp\/v2\/posts\/161288\/revisions"}],"wp:featuredmedia":[{"embeddable":true,"href":"https:\/\/www.europesays.com\/fr\/wp-json\/wp\/v2\/media\/161289"}],"wp:attachment":[{"href":"https:\/\/www.europesays.com\/fr\/wp-json\/wp\/v2\/media?parent=161288"}],"wp:term":[{"taxonomy":"category","embeddable":true,"href":"https:\/\/www.europesays.com\/fr\/wp-json\/wp\/v2\/categories?post=161288"},{"taxonomy":"post_tag","embeddable":true,"href":"https:\/\/www.europesays.com\/fr\/wp-json\/wp\/v2\/tags?post=161288"}],"curies":[{"name":"wp","href":"https:\/\/api.w.org\/{rel}","templated":true}]}}