{"id":161292,"date":"2025-06-08T16:28:10","date_gmt":"2025-06-08T16:28:10","guid":{"rendered":"https:\/\/www.europesays.com\/fr\/161292\/"},"modified":"2025-06-08T16:28:10","modified_gmt":"2025-06-08T16:28:10","slug":"marseille-cette-plage-tres-connue-est-meme-accessible-la-nuit-voici-ou-et-quand","status":"publish","type":"post","link":"https:\/\/www.europesays.com\/fr\/161292\/","title":{"rendered":"Marseille. Cette plage tr\u00e8s connue est m\u00eame accessible la nuit, voici o\u00f9 et quand"},"content":{"rendered":"<p>            Par<br \/>\n        <strong><br \/>\n            <a href=\"https:\/\/actu.fr\/auteur\/fabien-binacchi\" title=\"Consulter tous les articles de Fabien Binacchi\" target=\"_blank\" rel=\"noopener\">Fabien Binacchi<\/a><br \/>\n        <\/strong><\/p>\n<p>        Publi\u00e9 le<\/p>\n<p>            8 juin 2025 \u00e0 7h38        <\/p>\n<p>C\u2019est <strong>l\u2019un des spots les plus pris\u00e9s de l\u2019\u00e9t\u00e9<\/strong> <a href=\"https:\/\/actu.fr\/marseille\/\" target=\"_blank\" rel=\"noopener\">marseillais<\/a>. Tout pr\u00e8s du centre-ville, \u00e0 seulement 15\u00a0minutes \u00e0 pied du <a href=\"https:\/\/actu.fr\/tag\/vieux-port\" target=\"_blank\" rel=\"noopener\">Vieux-Port<\/a>, dans le 7e arrondissement, la fameuse plage des Catalans est un rendez-vous appr\u00e9ci\u00e9 des habitants et bien connu des touristes.<\/p>\n<p class=\" wall-content\">Elle est souvent bond\u00e9e, m\u00eame la nuit. Jusqu\u2019au 31\u00a0ao\u00fbt, des nocturnes y sont organis\u00e9es.<\/p>\n<p>Une \u00ab\u2009bonne qualit\u00e9\u2009\u00bb d\u2019eau<\/p>\n<p class=\" wall-content\">Parmi la <strong>vingtaine de plages r\u00e9parties sur les 57km du littoral<\/strong> de Marseille, c\u2019est peut-\u00eatre la plus c\u00e9l\u00e8bre. Elle est en tout cas l\u2019une des plus fr\u00e9quent\u00e9es pendant l\u2019\u00e9t\u00e9.<\/p>\n<p class=\" wall-content\">Avec sa vue imprenable sur le Frioul, la plage de Catalans offre <a href=\"https:\/\/baignades.sante.gouv.fr\/baignades\/consultSite.do?dptddass=013&amp;plv=no&amp;idCarte=fra&amp;annee=2025&amp;site=013000801&amp;xmin=572194.0401002244&amp;ymin=5336405.613211582&amp;xmax=625699.9598997756&amp;ymax=5373095.386788418\" target=\"_blank\" rel=\"noopener\">une \u00ab\u2009bonne qualit\u00e9\u2009\u00bb d\u2019eau de baignade<\/a>, des terrains de Beach volley et se vit aussi la nuit, fait savoir la mairie.<\/p>\n<p>Nuit blanche du samedi au dimanche<\/p>\n<p class=\" wall-content\">Dans ce \u00ab\u2009haut lieu d\u2019animation, de retrouvailles et de d\u00e9tente\u2009\u00bb, des nocturnes sont organis\u00e9es jusqu\u2019au 31\u00a0ao\u00fbt. Le public est accueilli de <strong>7h \u00e0 23h du lundi au vendredi<\/strong> et m\u00eame tout le week-end en continu\u2009: <strong>du samedi 7h au dimanche 23h.<\/strong><\/p>\n<p>Vid\u00e9os : en ce moment sur Actu<\/p>\n<p class=\" wall-content\">Attention, si la plage est ouverte avec des horaires \u00e9tendus pendant trois mois, il est \u00e0 noter que<strong> la baignade n\u2019est surveill\u00e9e qu\u2019entre 10h et 19h30.<\/strong><\/p>\n<p class=\" wall-content\">Suivez toute l\u2019actualit\u00e9 de vos villes et m\u00e9dias favoris en vous inscrivant \u00e0 <a href=\"https:\/\/moncompte.actu.fr\" title=\"D\u00e9couvez Mon Actu\" rel=\"nofollow noopener\" data-trk=\"{&quot;cta&quot;:{&quot;action&quot;:&quot;https:\\\/\\\/moncompte.actu.fr&quot;,&quot;category&quot;:&quot;mon compte&quot;,&quot;from&quot;:&quot;article footer&quot;,&quot;name&quot;:&quot;Mon actu&quot;,&quot;type&quot;:&quot;cta&quot;}}\" target=\"_blank\">Mon Actu<\/a>.<\/p>\n","protected":false},"excerpt":{"rendered":"Par Fabien Binacchi Publi\u00e9 le 8 juin 2025 \u00e0 7h38 C\u2019est l\u2019un des spots les plus pris\u00e9s de&hellip;\n","protected":false},"author":2,"featured_media":161293,"comment_status":"","ping_status":"","sticky":false,"template":"","format":"standard","meta":{"footnotes":""},"categories":[2814],"tags":[1111,11,1777,674,1011,27,1305,884,12,8302,882,25],"class_list":{"0":"post-161292","1":"post","2":"type-post","3":"status-publish","4":"format-standard","5":"has-post-thumbnail","7":"category-marseille","8":"tag-actu","9":"tag-actualites","10":"tag-eu","11":"tag-europe","12":"tag-fr","13":"tag-france","14":"tag-lifestyle","15":"tag-marseille","16":"tag-news","17":"tag-plages","18":"tag-provence-alpes-cote-dazur","19":"tag-republique-francaise"},"share_on_mastodon":{"url":"https:\/\/pubeurope.com\/@fr\/114648691761069487","error":""},"_links":{"self":[{"href":"https:\/\/www.europesays.com\/fr\/wp-json\/wp\/v2\/posts\/161292","targetHints":{"allow":["GET"]}}],"collection":[{"href":"https:\/\/www.europesays.com\/fr\/wp-json\/wp\/v2\/posts"}],"about":[{"href":"https:\/\/www.europesays.com\/fr\/wp-json\/wp\/v2\/types\/post"}],"author":[{"embeddable":true,"href":"https:\/\/www.europesays.com\/fr\/wp-json\/wp\/v2\/users\/2"}],"replies":[{"embeddable":true,"href":"https:\/\/www.europesays.com\/fr\/wp-json\/wp\/v2\/comments?post=161292"}],"version-history":[{"count":0,"href":"https:\/\/www.europesays.com\/fr\/wp-json\/wp\/v2\/posts\/161292\/revisions"}],"wp:featuredmedia":[{"embeddable":true,"href":"https:\/\/www.europesays.com\/fr\/wp-json\/wp\/v2\/media\/161293"}],"wp:attachment":[{"href":"https:\/\/www.europesays.com\/fr\/wp-json\/wp\/v2\/media?parent=161292"}],"wp:term":[{"taxonomy":"category","embeddable":true,"href":"https:\/\/www.europesays.com\/fr\/wp-json\/wp\/v2\/categories?post=161292"},{"taxonomy":"post_tag","embeddable":true,"href":"https:\/\/www.europesays.com\/fr\/wp-json\/wp\/v2\/tags?post=161292"}],"curies":[{"name":"wp","href":"https:\/\/api.w.org\/{rel}","templated":true}]}}