{"id":161296,"date":"2025-06-08T16:30:18","date_gmt":"2025-06-08T16:30:18","guid":{"rendered":"https:\/\/www.europesays.com\/fr\/161296\/"},"modified":"2025-06-08T16:30:18","modified_gmt":"2025-06-08T16:30:18","slug":"rhone-le-tour-de-france-de-la-reparation-dappareils-fait-escale-a-lyon-ce-mercredi-11-juin","status":"publish","type":"post","link":"https:\/\/www.europesays.com\/fr\/161296\/","title":{"rendered":"Rh\u00f4ne. Le Tour de France de la r\u00e9paration d\u2019appareils fait escale \u00e0 Lyon ce mercredi 11\u00a0juin"},"content":{"rendered":"<p>Redonner vie \u00e0 de vieux appareils us\u00e9s ou cas\u00e9s, tel est la promesse du <a href=\"https:\/\/www.leprogres.fr\/culture-loisirs\/2024\/04\/24\/un-atelier-de-reparation-itinerant-pour-reduire-le-gaspillage-et-faire-des-economies\" target=\"_blank\" rel=\"noopener\">Repair Tour de France<\/a>. De retour \u00e0 Lyon o\u00f9 si\u00e8ge WD-40, marque leader de produits de maintenance et l\u2019un des partenaires de l\u2019op\u00e9ration, les habitants pourront b\u00e9n\u00e9ficier des conseils de professionnels.<\/p>\n<p>  \u00c9conomie verte et financi\u00e8re<\/p>\n<p>L\u2019\u00e9v\u00e8nement accueillera <a href=\"https:\/\/www.leprogres.fr\/economie\/2022\/04\/22\/une-journee-pour-apprendre-a-reparer-vous-meme-vos-appareils-domestiques\" target=\"_blank\" rel=\"noopener\">des ateliers de r\u00e9paration solidaires d\u2019objets du quotidien<\/a>. Les Lyonnais pourront \u00e9galement \u00e9changer avec des acteurs locaux engag\u00e9s pour une consommation plus durable. Derri\u00e8re les \u00e9conomies financi\u00e8res, l\u2019enjeu environnemental est bien pr\u00e9sent.<\/p>\n<p>  R\u00e9parer et entretenir<\/p>\n<p>Les participants qui rel\u00e8veront les d\u00e9fis propos\u00e9s par les organisateurs repartiront avec le kit du Repair Hero comprenant <a href=\"https:\/\/www.leprogres.fr\/economie\/2025\/02\/07\/robot-horloge-un-atelier-solidaire-ou-tout-se-repare\" target=\"_blank\" rel=\"noopener\"> le n\u00e9cessaire pour entretenir et r\u00e9parer ses appareils<\/a>\u00a0: vinaigre blanc, d\u00e9grippant, et gants de protection. SP Action, Repair Caf\u00e9, Eurequa et La Clavette seront \u00e9galement pr\u00e9sents pour proposer des ateliers d\u2019entretien et de r\u00e9paration de v\u00eatements et de v\u00e9los.<\/p>\n","protected":false},"excerpt":{"rendered":"Redonner vie \u00e0 de vieux appareils us\u00e9s ou cas\u00e9s, tel est la promesse du Repair Tour de France.&hellip;\n","protected":false},"author":2,"featured_media":161297,"comment_status":"","ping_status":"","sticky":false,"template":"","format":"standard","meta":{"footnotes":""},"categories":[1889],"tags":[1111,11,2430,4406,130,33,2757,1777,674,1011,27,2428,2756,12,25,2429,801],"class_list":{"0":"post-161296","1":"post","2":"type-post","3":"status-publish","4":"format-standard","5":"has-post-thumbnail","7":"category-lyon","8":"tag-actu","9":"tag-actualites","10":"tag-auvergne-rhone-alpes","11":"tag-commerce-et-services","12":"tag-consommation","13":"tag-economie","14":"tag-edition-lyon-villeurbanne","15":"tag-eu","16":"tag-europe","17":"tag-fr","18":"tag-france","19":"tag-lyon","20":"tag-lyon-bassin","21":"tag-news","22":"tag-republique-francaise","23":"tag-rhone","24":"tag-social"},"share_on_mastodon":{"url":"https:\/\/pubeurope.com\/@fr\/114648699608727579","error":""},"_links":{"self":[{"href":"https:\/\/www.europesays.com\/fr\/wp-json\/wp\/v2\/posts\/161296","targetHints":{"allow":["GET"]}}],"collection":[{"href":"https:\/\/www.europesays.com\/fr\/wp-json\/wp\/v2\/posts"}],"about":[{"href":"https:\/\/www.europesays.com\/fr\/wp-json\/wp\/v2\/types\/post"}],"author":[{"embeddable":true,"href":"https:\/\/www.europesays.com\/fr\/wp-json\/wp\/v2\/users\/2"}],"replies":[{"embeddable":true,"href":"https:\/\/www.europesays.com\/fr\/wp-json\/wp\/v2\/comments?post=161296"}],"version-history":[{"count":0,"href":"https:\/\/www.europesays.com\/fr\/wp-json\/wp\/v2\/posts\/161296\/revisions"}],"wp:featuredmedia":[{"embeddable":true,"href":"https:\/\/www.europesays.com\/fr\/wp-json\/wp\/v2\/media\/161297"}],"wp:attachment":[{"href":"https:\/\/www.europesays.com\/fr\/wp-json\/wp\/v2\/media?parent=161296"}],"wp:term":[{"taxonomy":"category","embeddable":true,"href":"https:\/\/www.europesays.com\/fr\/wp-json\/wp\/v2\/categories?post=161296"},{"taxonomy":"post_tag","embeddable":true,"href":"https:\/\/www.europesays.com\/fr\/wp-json\/wp\/v2\/tags?post=161296"}],"curies":[{"name":"wp","href":"https:\/\/api.w.org\/{rel}","templated":true}]}}