{"id":161298,"date":"2025-06-08T16:31:14","date_gmt":"2025-06-08T16:31:14","guid":{"rendered":"https:\/\/www.europesays.com\/fr\/161298\/"},"modified":"2025-06-08T16:31:14","modified_gmt":"2025-06-08T16:31:14","slug":"confluence-donnera-le-coup-denvoi-de-lete-avec-un-open-air-festif-et-dansant","status":"publish","type":"post","link":"https:\/\/www.europesays.com\/fr\/161298\/","title":{"rendered":"Confluence donnera le coup d\u2019envoi de l\u2019\u00e9t\u00e9 avec un open-air festif et dansant"},"content":{"rendered":"<p itemprop=\"description\"><strong>Alors que l\u2019\u00e9t\u00e9 ne d\u00e9butera officiellement que le 21 juin, le quartier Confluence, au c\u0153ur du 2e arrondissement de Lyon, a choisi de prendre de l\u2019avance.<\/strong><\/p>\n<p>Le samedi 14 juin, de 14h30 \u00e0 23h, le p\u00f4le de commerces et de loisirs convie le public \u00e0 une journ\u00e9e plac\u00e9e sous le signe de la culture et de la f\u00eate, lors d\u2019un open-air gratuit et ouvert \u00e0 tous.<\/p>\n<p>D\u00e8s 14h30, la sc\u00e8ne s\u2019animera avec un show de danse orchestr\u00e9 par FlashBack Studio. Trois disciplines seront \u00e0 l\u2019honneur : le Girly, le Hip Hop et le Dancehall. Chaque prestation d\u00e9butera par un show d\u2019ouverture \u00e9nergique, suivi d\u2019une s\u00e9quence de freestyle ou d\u2019improvisation. Le public sera ensuite invit\u00e9 \u00e0 rejoindre les artistes sur sc\u00e8ne pour une initiation participative, dans une ambiance conviviale et inclusive.<\/p>\n<p>\u00c0 partir de 16h, la f\u00eate se poursuivra sur les terrasses du centre commercial, situ\u00e9es au deuxi\u00e8me \u00e9tage et offrant une vue imprenable sur le quartier de la Confluence. Les platines prendront le relais gr\u00e2ce \u00e0 un DJ set qui accompagnera les festivaliers jusqu\u2019au coucher du soleil.<\/p>\n<p>Quatre artistes se succ\u00e9deront pour faire vibrer le public : Evytho ouvrira le bal de 16h \u00e0 17h30 avec un set house et disco, suivi d\u2019un live de Stopnicki de 17h30 \u00e0 19h, qui explorera les univers disco, groove et house. Le duo Pyxide b2b Virgin Macaron (Dusty Nation) prendra la suite de 19h \u00e0 20h30 avec une s\u00e9lection minimal, groove et house, avant de laisser la place \u00e0 Palomina, qui cl\u00f4turera la soir\u00e9e de 20h30 \u00e0 22h sur des sonorit\u00e9s groove et tech-house.<\/p>\n<p>Pour accompagner cette journ\u00e9e festive, des bars \u00e9ph\u00e9m\u00e8res tenus par Fuxia et Hippopotamus proposeront cocktails et rafra\u00eechissements aux participants.<\/p>\n<p>Avec cette programmation riche et \u00e9clectique, Confluence invite Lyonnais et visiteurs \u00e0 c\u00e9l\u00e9brer l\u2019arriv\u00e9e de l\u2019\u00e9t\u00e9 en musique et en danse, une semaine avant l\u2019heure.<\/p>\n","protected":false},"excerpt":{"rendered":"Alors que l\u2019\u00e9t\u00e9 ne d\u00e9butera officiellement que le 21 juin, le quartier Confluence, au c\u0153ur du 2e arrondissement&hellip;\n","protected":false},"author":2,"featured_media":161299,"comment_status":"","ping_status":"","sticky":false,"template":"","format":"standard","meta":{"footnotes":""},"categories":[1889],"tags":[1111,11,2813,2190,2430,1109,251,1112,2811,1777,674,118,1011,27,1922,1110,1114,2428,2810,12,241,316,25,2812,517,800],"class_list":{"0":"post-161298","1":"post","2":"type-post","3":"status-publish","4":"format-standard","5":"has-post-thumbnail","7":"category-lyon","8":"tag-actu","9":"tag-actualites","10":"tag-article","11":"tag-asvel","12":"tag-auvergne-rhone-alpes","13":"tag-breves","14":"tag-culture","15":"tag-depeches","16":"tag-economique","17":"tag-eu","18":"tag-europe","19":"tag-faits-divers","20":"tag-fr","21":"tag-france","22":"tag-info","23":"tag-informations","24":"tag-infos","25":"tag-lyon","26":"tag-lyonmag","27":"tag-news","28":"tag-ol","29":"tag-politique","30":"tag-republique-francaise","31":"tag-sociale","32":"tag-sport","33":"tag-transports"},"share_on_mastodon":{"url":"https:\/\/pubeurope.com\/@fr\/114648703560807337","error":""},"_links":{"self":[{"href":"https:\/\/www.europesays.com\/fr\/wp-json\/wp\/v2\/posts\/161298","targetHints":{"allow":["GET"]}}],"collection":[{"href":"https:\/\/www.europesays.com\/fr\/wp-json\/wp\/v2\/posts"}],"about":[{"href":"https:\/\/www.europesays.com\/fr\/wp-json\/wp\/v2\/types\/post"}],"author":[{"embeddable":true,"href":"https:\/\/www.europesays.com\/fr\/wp-json\/wp\/v2\/users\/2"}],"replies":[{"embeddable":true,"href":"https:\/\/www.europesays.com\/fr\/wp-json\/wp\/v2\/comments?post=161298"}],"version-history":[{"count":0,"href":"https:\/\/www.europesays.com\/fr\/wp-json\/wp\/v2\/posts\/161298\/revisions"}],"wp:featuredmedia":[{"embeddable":true,"href":"https:\/\/www.europesays.com\/fr\/wp-json\/wp\/v2\/media\/161299"}],"wp:attachment":[{"href":"https:\/\/www.europesays.com\/fr\/wp-json\/wp\/v2\/media?parent=161298"}],"wp:term":[{"taxonomy":"category","embeddable":true,"href":"https:\/\/www.europesays.com\/fr\/wp-json\/wp\/v2\/categories?post=161298"},{"taxonomy":"post_tag","embeddable":true,"href":"https:\/\/www.europesays.com\/fr\/wp-json\/wp\/v2\/tags?post=161298"}],"curies":[{"name":"wp","href":"https:\/\/api.w.org\/{rel}","templated":true}]}}