{"id":161304,"date":"2025-06-08T16:37:09","date_gmt":"2025-06-08T16:37:09","guid":{"rendered":"https:\/\/www.europesays.com\/fr\/161304\/"},"modified":"2025-06-08T16:37:09","modified_gmt":"2025-06-08T16:37:09","slug":"mort-dune-femme-we-love-green-trafic-de-cocaine-les-infos-du-week-end-en-ile-de-france","status":"publish","type":"post","link":"https:\/\/www.europesays.com\/fr\/161304\/","title":{"rendered":"Mort d&rsquo;une femme, We Love Green, trafic de coca\u00efne&#8230; Les infos du week-end en \u00cele-de-France"},"content":{"rendered":"<p>            Par<br \/>\n        <strong><br \/>\n            <a href=\"https:\/\/actu.fr\/auteur\/antoine-grotteria02\" title=\"Consulter tous les articles de Antoine Grotteria\" target=\"_blank\" rel=\"noopener\">Antoine Grotteria<\/a><br \/>\n        <\/strong><\/p>\n<p>        Publi\u00e9 le<\/p>\n<p>            8 juin 2025 \u00e0 18h06        <\/p>\n<p>Un accident dramatique. Une femme est d\u00e9c\u00e9d\u00e9e \u00e0 <a href=\"https:\/\/actu.fr\/ile-de-france\/courbevoie_92026\" target=\"_blank\" rel=\"noopener\">Courbevoie<\/a> (Hauts-de-Seine), vendredi 6 juin 2025, apr\u00e8s avoir \u00e9t\u00e9 <strong>renvers\u00e9e<\/strong> par un <strong>bus<\/strong>. Le conducteur n\u2019\u00e9tait ni alcoolis\u00e9 ni sous l\u2019emprise de stup\u00e9fiants, indique la <a href=\"https:\/\/actu.fr\/tag\/ratp\" target=\"_blank\" rel=\"noopener\">RATP<\/a>.<\/p>\n<p class=\" wall-content\">Il s\u2019agit de la <strong>principale information<\/strong> de ce week-end du samedi 7 et dimanche 8 juin 2025. Le reste est concoct\u00e9 par actu Paris.\u00a0<\/p>\n<p class=\" wall-content\"><strong>Hauts-de-Seine. <\/strong><a title=\"Lire l&#039;article\" href=\"https:\/\/actu.fr\/ile-de-france\/courbevoie_92026\/hauts-de-seine-mort-d-une-femme-percutee-par-un-bus-de-la-ratp-une-enquete-en-cours_62743730.html\" target=\"_blank\" rel=\"noopener\"><strong>Hauts-de-Seine : mort d\u2019une femme percut\u00e9e par un bus de la RATP, une enqu\u00eate en cours<\/strong><\/a><br \/>Une femme est d\u00e9c\u00e9d\u00e9e \u00e0 Courbevoie, vendredi 6 juin 2025, apr\u00e8s avoir \u00e9t\u00e9 renvers\u00e9e par un bus. Le conducteur n\u2019\u00e9tait ni alcoolis\u00e9 ni sous l\u2019emprise de stup\u00e9fiants.<\/p>\n<p class=\" wall-content\"><strong>Paris. <\/strong><a title=\"Lire l&#039;article\" href=\"https:\/\/actu.fr\/ile-de-france\/paris_75056\/infernale-pourrie-a-paris-plusieurs-spectateurs-du-festival-we-love-green-fustigent-l-organisation_62745240.html\" target=\"_blank\" rel=\"noopener\"><strong>\u00ab\u00a0Infernale\u00a0\u00bb, \u00ab\u00a0pourrie\u00a0\u00bb\u2026 \u00c0 Paris, plusieurs spectateurs du festival We Love Green fustigent l\u2019organisation<\/strong><\/a><br \/>Sur le r\u00e9seau social X, plusieurs internautes ayant pris part au festival organis\u00e9 au bois de Vincennes ont d\u00e9plor\u00e9 les conditions de sortie de l\u2019enceinte.<\/p>\n<p class=\" wall-content\"><strong>Seine-Saint-Denis. <\/strong><a title=\"Lire l&#039;article\" href=\"https:\/\/actu.fr\/ile-de-france\/tremblay-en-france_93073\/vaste-trafic-de-cocaine-demantele-a-l-aeroport-de-roissy-ils-sortaient-des-dizaines-de-kilos-chaque-mois_62743994.html\" target=\"_blank\" rel=\"noopener\"><strong>Trafic de coca\u00efne avec des bagagistes \u00e0 l\u2019a\u00e9roport de Roissy : ils sortaient des dizaines de kilos chaque mois<\/strong><\/a><br \/>La mise en place de techniques sp\u00e9ciales d\u2019enqu\u00eate a permis de d\u00e9manteler un r\u00e9seau s\u2019appuyant sur des bagagistes de Roissy.<\/p>\n<p>Vid\u00e9os : en ce moment sur Actu<\/p>\n<p class=\" wall-content\"><strong>Val-de-Marne. <\/strong><a title=\"Lire l&#039;article\" href=\"https:\/\/actu.fr\/ile-de-france\/saint-maur-des-fosses_94068\/saint-maur-des-fosses-sanctionne-par-un-ministre-l-ex-president-de-l-oph-s-en-remet-au-conseil-d-etat_62739612.html\" target=\"_blank\" rel=\"noopener\"><strong>Saint-Maur-des-Foss\u00e9s : sanctionn\u00e9 par un ministre, l\u2019ex-pr\u00e9sident de l\u2019OPH s\u2019en remet au Conseil d\u2019Etat<\/strong><\/a><br \/>L\u2019ex-pr\u00e9sident de l\u2019OPH de Saint-Maur-des-Foss\u00e9s a saisi le Conseil d\u2019Etat pour retrouver son si\u00e8ge.<\/p>\n<p class=\" wall-content\"><strong>Essonne. <\/strong><a title=\"Lire l&#039;article\" href=\"https:\/\/actu.fr\/ile-de-france\/gif-sur-yvette_91272\/metro-delinquance-itinerante-pourquoi-les-gendarmes-renforcent-leur-presence-sur-le-plateau-de-saclay_62732862.html\" target=\"_blank\" rel=\"noopener\"><strong>M\u00e9tro, \u00ab\u00a0d\u00e9linquance itin\u00e9rante\u00a0\u00bb\u2026 pourquoi les gendarmes renforcent leur pr\u00e9sence dans cette zone en Essonne<\/strong><\/a><br \/>Un nouvelle brigade de gendarmerie a \u00e9t\u00e9 inaugur\u00e9e ce jeudi au sein du technopole de Paris-Saclay. Une r\u00e9ponse aux enjeux s\u00e9curitaires de cette zone en plein d\u00e9veloppement.<\/p>\n<p class=\" wall-content\"><strong>Yvelines. <\/strong><a title=\"Lire l&#039;article\" href=\"https:\/\/actu.fr\/ile-de-france\/cernay-la-ville_78128\/aux-personnes-agees-ou-aux-malades-le-tennis-sadapte-a-tous-dans-les-yvelines_62740518.html\" target=\"_blank\" rel=\"noopener\"><strong>Aux personnes \u00e2g\u00e9es ou aux malades, le tennis s\u2019adapte \u00e0 tous dans les Yvelines<\/strong><\/a><br \/>Le vendredi 6 juin 2025, le Tennis Club de Cernay (Yvelines) proposait une journ\u00e9e d\u00e9couverte du tennis sant\u00e9. Une activit\u00e9 pour se maintenir en forme mentalement et physiquement.\u00a0<\/p>\n<p class=\" wall-content\"><strong>Seine-et-Marne. <\/strong><a title=\"Lire l&#039;article\" href=\"https:\/\/actu.fr\/ile-de-france\/fontainebleau_77186\/le-futur-sommet-de-lextreme-droite-europeenne-dans-le-loiret-fait-deja-des-vagues-en-seine-et-marne_62745537.html\" target=\"_blank\" rel=\"noopener\"><strong>Le futur sommet de l\u2019extr\u00eame droite europ\u00e9enne dans le Loiret fait d\u00e9j\u00e0 des vagues en Seine-et-Marne<\/strong><\/a><br \/>En amont du sommet de figures de l\u2019extr\u00eame droite europ\u00e9enne dans le Loiret, ce lundi 9 juin, deux \u00e9lus de Seine-et-Marne s\u2019accusent de r\u00e9cup\u00e9rations politiques mutuelles. D\u00e9bat.<\/p>\n<p class=\" wall-content\"><strong>Val-d\u2019Oise. <\/strong><a title=\"Lire l&#039;article\" href=\"https:\/\/actu.fr\/ile-de-france\/saint-leu-la-foret_95563\/dans-cette-foret-du-val-doise-une-deambulation-organisee-pour-alerter-contre-les-coupes-rases_62739341.html\" target=\"_blank\" rel=\"noopener\"><strong>Dans cette for\u00eat du Val-d\u2019Oise, une d\u00e9ambulation organis\u00e9e pour alerter contre les coupes rases<\/strong><\/a><br \/>Organis\u00e9e par l\u2019association Val Parisis Environnement, une d\u00e9ambulation citoyenne en for\u00eat de Montmorency aura lieu dimanche 15 juin, \u00e0 partir de 15h30.<\/p>\n<p class=\" wall-content\"><strong>Suivez-nous pour en savoir plus !<\/strong><\/p>\n<p class=\" wall-content\">Paris : retrouvez actu Paris sur <a href=\"https:\/\/www.facebook.com\/actufr.paris\/\" target=\"_blank\" rel=\"noopener\">Facebook<\/a> et <a href=\"https:\/\/x.com\/actufrparis\">Twitter<\/a> ;<br \/>Seine-et-Marne : retrouvez\u00a0La R\u00e9publique de Seine-et-Marne\u00a0(sud) sur\u00a0<a href=\"https:\/\/www.facebook.com\/RepubliqueSeineMarne\/\" target=\"_blank\" rel=\"noopener\">Facebook\u00a0<\/a>et\u00a0<a href=\"https:\/\/x.com\/JournalLaMarne\">Twitter\u00a0<\/a>;\u00a0La Marne\u00a0(nord) sur\u00a0<a href=\"https:\/\/www.facebook.com\/RepubliqueSeineMarne\/\" target=\"_blank\" rel=\"noopener\">Facebook\u00a0<\/a>et\u00a0<a href=\"https:\/\/x.com\/JournalLaMarne\">Twitter\u00a0<\/a>; et\u00a0Le Pays Briard\u00a0sur\u00a0<a href=\"https:\/\/www.facebook.com\/LePaysBriard\/?ref=bookmarks\" target=\"_blank\" rel=\"noopener\">Facebook\u00a0<\/a>et\u00a0<a href=\"https:\/\/x.com\/LePaysBriard\">Twitter\u00a0<\/a>;<br \/>Yvelines : retrouvez\u00a078actu\u00a0sur\u00a0<a href=\"https:\/\/www.facebook.com\/78actu?locale=fr_FR\" target=\"_blank\" rel=\"noopener\">Facebook\u00a0<\/a>et\u00a0<a href=\"https:\/\/x.com\/78actu\">Twitter\u00a0<\/a>;<br \/>Essonne : retrouvez\u00a0actu Essonne\u00a0sur\u00a0<a href=\"https:\/\/www.facebook.com\/actuessonne\/?ref=br_rs\" target=\"_blank\" rel=\"noopener\">Facebook\u00a0<\/a>et\u00a0<a href=\"https:\/\/x.com\/ActuEssonne\">Twitter\u00a0<\/a>;<br \/>Hauts-de-Seine : retrouvez\u00a0actu Hauts-de-Seine\u00a0sur\u00a0<a href=\"https:\/\/www.facebook.com\/actufr.hautsdeseine\/\" target=\"_blank\" rel=\"noopener\">Facebook\u00a0<\/a>et\u00a0<a href=\"https:\/\/x.com\/actufr92\">Twitter\u00a0<\/a>;<br \/>Seine-Saint-Denis : retrouvez\u00a0actu Seine-Saint-Denis\u00a0sur\u00a0<a href=\"https:\/\/www.facebook.com\/actu94.valdemarne\/\" target=\"_blank\" rel=\"noopener\">Facebook\u00a0<\/a>et\u00a0<a href=\"https:\/\/x.com\/actufr93\">Twitter\u00a0<\/a>;<br \/>Val-de-Marne : retrouvez\u00a0actu Val-de-Marne\u00a0sur\u00a0<a href=\"https:\/\/www.facebook.com\/actu94.valdemarne\/\" target=\"_blank\" rel=\"noopener\">Facebook\u00a0<\/a>et\u00a0<a href=\"https:\/\/x.com\/actufr94\">Twitter\u00a0<\/a>;<br \/>Val-d\u2019Oise : retrouvez\u00a0La Gazette du Val-d\u2019Oise\u00a0sur\u00a0<a href=\"https:\/\/www.facebook.com\/lagazetteduvaldoise\/\" target=\"_blank\" rel=\"noopener\">Facebook<\/a>.<\/p>\n<p class=\" wall-content\">Suivez toute l\u2019actualit\u00e9 de vos villes et m\u00e9dias favoris en vous inscrivant \u00e0 <a href=\"https:\/\/moncompte.actu.fr\" title=\"D\u00e9couvez Mon Actu\" rel=\"nofollow noopener\" data-trk=\"{&quot;cta&quot;:{&quot;action&quot;:&quot;https:\\\/\\\/moncompte.actu.fr&quot;,&quot;category&quot;:&quot;mon compte&quot;,&quot;from&quot;:&quot;article footer&quot;,&quot;name&quot;:&quot;Mon actu&quot;,&quot;type&quot;:&quot;cta&quot;}}\" target=\"_blank\">Mon Actu<\/a>.<\/p>\n","protected":false},"excerpt":{"rendered":"Par Antoine Grotteria Publi\u00e9 le 8 juin 2025 \u00e0 18h06 Un accident dramatique. Une femme est d\u00e9c\u00e9d\u00e9e \u00e0&hellip;\n","protected":false},"author":2,"featured_media":161305,"comment_status":"","ping_status":"","sticky":false,"template":"","format":"standard","meta":{"footnotes":""},"categories":[1888],"tags":[119,1111,1928,11,1927,3993,1777,674,1011,27,12,1926,626,1925,25,104,29240],"class_list":{"0":"post-161304","1":"post","2":"type-post","3":"status-publish","4":"format-standard","5":"has-post-thumbnail","7":"category-paris","8":"tag-accident","9":"tag-actu","10":"tag-actu-paris","11":"tag-actualites","12":"tag-actualites-paris","13":"tag-cocaine","14":"tag-eu","15":"tag-europe","16":"tag-fr","17":"tag-france","18":"tag-news","19":"tag-news-paris","20":"tag-paris","21":"tag-paris-news","22":"tag-republique-francaise","23":"tag-societe","24":"tag-we-love-green"},"share_on_mastodon":{"url":"https:\/\/pubeurope.com\/@fr\/114648727116647374","error":""},"_links":{"self":[{"href":"https:\/\/www.europesays.com\/fr\/wp-json\/wp\/v2\/posts\/161304","targetHints":{"allow":["GET"]}}],"collection":[{"href":"https:\/\/www.europesays.com\/fr\/wp-json\/wp\/v2\/posts"}],"about":[{"href":"https:\/\/www.europesays.com\/fr\/wp-json\/wp\/v2\/types\/post"}],"author":[{"embeddable":true,"href":"https:\/\/www.europesays.com\/fr\/wp-json\/wp\/v2\/users\/2"}],"replies":[{"embeddable":true,"href":"https:\/\/www.europesays.com\/fr\/wp-json\/wp\/v2\/comments?post=161304"}],"version-history":[{"count":0,"href":"https:\/\/www.europesays.com\/fr\/wp-json\/wp\/v2\/posts\/161304\/revisions"}],"wp:featuredmedia":[{"embeddable":true,"href":"https:\/\/www.europesays.com\/fr\/wp-json\/wp\/v2\/media\/161305"}],"wp:attachment":[{"href":"https:\/\/www.europesays.com\/fr\/wp-json\/wp\/v2\/media?parent=161304"}],"wp:term":[{"taxonomy":"category","embeddable":true,"href":"https:\/\/www.europesays.com\/fr\/wp-json\/wp\/v2\/categories?post=161304"},{"taxonomy":"post_tag","embeddable":true,"href":"https:\/\/www.europesays.com\/fr\/wp-json\/wp\/v2\/tags?post=161304"}],"curies":[{"name":"wp","href":"https:\/\/api.w.org\/{rel}","templated":true}]}}