{"id":161310,"date":"2025-06-08T16:40:10","date_gmt":"2025-06-08T16:40:10","guid":{"rendered":"https:\/\/www.europesays.com\/fr\/161310\/"},"modified":"2025-06-08T16:40:10","modified_gmt":"2025-06-08T16:40:10","slug":"attaques-et-soutiens-ce-quil-faut-savoir-sur-la-polemique","status":"publish","type":"post","link":"https:\/\/www.europesays.com\/fr\/161310\/","title":{"rendered":"Attaques et soutiens, ce qu\u2019il faut savoir sur la pol\u00e9mique"},"content":{"rendered":"<p><strong>MOBILISATION &#8211; Depuis qu\u2019elle a \u00e9t\u00e9 r\u00e9v\u00e9l\u00e9e en d\u00e9but de semaine, l\u2019affiche de la Pride 2025 de Paris est attaqu\u00e9e par des figures politiques, critiqu\u00e9e par des associations LGBT+, mais les soutiens se font aussi entendre<\/strong><\/p>\n<p>\u00ab Nous marcherons \u00e0 <a href=\"https:\/\/www.20minutes.fr\/paris\/?at_medium=RSS%20feed&amp;at_campaign=ynews&amp;utm_source=yahoo&amp;utm_medium=rss&amp;utm_campaign=news_feed&amp;utm_content=in_article_link\" rel=\"nofollow noopener\" target=\"_blank\" data-ylk=\"slk:Paris;elm:context_link;itc:0;sec:content-canvas\" class=\"link \">Paris <\/a>le 28 juin 2025. \u00bb Ce dimanche, dans un communiqu\u00e9, l\u2019association <a href=\"https:\/\/www.20minutes.fr\/societe\/4153839-20250516-ca-va-arreter-jour-sos-homophobie-alerte-face-monte-violences-lgbtiphobes-banalisees?at_medium=RSS%20feed&amp;at_campaign=ynews&amp;utm_source=yahoo&amp;utm_medium=rss&amp;utm_campaign=news_feed&amp;utm_content=in_article_link\" rel=\"nofollow noopener\" target=\"_blank\" data-ylk=\"slk:SOS homophobie;elm:context_link;itc:0;sec:content-canvas\" class=\"link \">SOS homophobie<\/a> a appel\u00e9 \u00e0 la mobilisation pour la <a href=\"https:\/\/www.20minutes.fr\/dossier\/gay_pride?at_medium=RSS%20feed&amp;at_campaign=ynews&amp;utm_source=yahoo&amp;utm_medium=rss&amp;utm_campaign=news_feed&amp;utm_content=in_article_link\" rel=\"nofollow noopener\" target=\"_blank\" data-ylk=\"slk:Marche des fiert\u00e9s;elm:context_link;itc:0;sec:content-canvas\" class=\"link \">Marche des fiert\u00e9s<\/a> et a apport\u00e9 son soutien \u00e0 l\u2019Inter-LGBT, organisatrice de l\u2019\u00e9v\u00e9nement, attaqu\u00e9e de plusieurs c\u00f4t\u00e9s depuis qu\u2019elle a r\u00e9v\u00e9l\u00e9 l\u2019affiche en d\u00e9but de semaine. 20 Minutes fait le point sur la controverse.<\/p>\n<p>Que repr\u00e9sente cette affiche ?<\/p>\n<p>Sur le visuel de la Marche des Fiert\u00e9s 2025 de Paris figurent plusieurs personnages, dont une femme voil\u00e9e brandissant une pancarte \u00ab Contre l\u2019internationale r\u00e9actionnaire \u00bb. Une autre personne arbore un triangle rose, cousu par les nazis sur les uniformes des d\u00e9tenus homosexuels dans les camps &#8211; un symbole repris, dans une logique de \u00ab <a href=\"https:\/\/www.mixtemagazine.com\/article\/insulte-empowerment-retournement-du-stigmate\/#:~:text=C&#039;est%20quand%20les%20personnes,noms%20selon%20les%20contextes%20et?at_medium=RSS%20feed&amp;at_campaign=ynews&amp;utm_source=yahoo&amp;utm_medium=rss&amp;utm_campaign=news_feed&amp;utm_content=in_article_link\" rel=\"nofollow noopener\" target=\"_blank\" data-ylk=\"slk:retournement du stigmate;elm:context_link;itc:0;sec:content-canvas\" class=\"link \">retournement du stigmate<\/a> \u00bb, dans les ann\u00e9es 1980 par l\u2019association Act Up engag\u00e9e dans la lutte contre le sida. Une autre silhouette arbore des pin\u2019s dont un repr\u00e9sentant le drapeau palestinien, ainsi qu\u2019un sac rouge, vert et blanc portant la mention \u00ab Free Prides \u00bb, \u00ab lib\u00e9rez les Prides \u00bb. Au premier plan, un homme en noir et blanc semble avoir \u00e9t\u00e9 mis K.-O. Sur son cou appara\u00eet une croix celtique, symbole que se sont appropri\u00e9 les mouvements n\u00e9ofascistes.<\/p>\n<p>Quelles ont \u00e9t\u00e9 les r\u00e9actions critiques et hostiles ?<\/p>\n<p>Des associations LGBTQ+ ainsi que des \u00e9lus de droite et d\u2019extr\u00eame droite ont fustig\u00e9 ce poster. Le groupe juif gay et lesbien de France, Beit Haverim, a d\u00e9nonc\u00e9 des \u00ab choix de communication irr\u00e9fl\u00e9chis \u00bb \u00e0 m\u00eame de d\u00e9clencher \u00ab des d\u00e9bordements ou des a(&#8230;)<\/p>\n<p><a href=\"https:\/\/www.20minutes.fr\/societe\/4157511-20250608-affiche-marche-fiertes-lgbt-paris-attaques-soutiens-faut-savoir-polemique?at_medium=RSS%20feed&amp;at_campaign=ynews&amp;utm_source=yahoo&amp;utm_medium=rss&amp;utm_campaign=news_feed&amp;utm_content=read_more_link\" rel=\"nofollow noopener\" target=\"_blank\" data-ylk=\"slk:Lire la suite sur 20minutes;elm:context_link;itc:0;sec:content-canvas\" class=\"link \">Lire la suite sur 20minutes<\/a><\/p>\n<p>\u00c0 lire aussi :<br \/><a href=\"https:\/\/www.20minutes.fr\/societe\/4157088-20250605-affiche-marche-fiertes-2025-region-ile-france-retire-subvention?at_medium=RSS%20feed&amp;at_campaign=ynews&amp;utm_source=yahoo&amp;utm_medium=rss&amp;utm_campaign=news_feed&amp;utm_content=related_content_link\" rel=\"nofollow noopener\" target=\"_blank\" data-ylk=\"slk:Affiche de la Marche des fiert\u00e9s 2025 : La r\u00e9gion Ile-de-France retire sa subvention;elm:context_link;itc:0;sec:content-canvas\" class=\"link \">Affiche de la Marche des fiert\u00e9s 2025 : La r\u00e9gion Ile-de-France retire sa subvention<\/a><br \/><a href=\"https:\/\/www.20minutes.fr\/monde\/4144173-20250318-hongrie-parlement-interdit-marche-fiertes-rue-riposte?at_medium=RSS%20feed&amp;at_campaign=ynews&amp;utm_source=yahoo&amp;utm_medium=rss&amp;utm_campaign=news_feed&amp;utm_content=related_content_link\" rel=\"nofollow noopener\" target=\"_blank\" data-ylk=\"slk:Hongrie : Le Parlement interdit la Marche des fiert\u00e9s, la rue riposte;elm:context_link;itc:0;sec:content-canvas\" class=\"link \">Hongrie : Le Parlement interdit la Marche des fiert\u00e9s, la rue riposte<\/a><\/p>\n","protected":false},"excerpt":{"rendered":"MOBILISATION &#8211; Depuis qu\u2019elle a \u00e9t\u00e9 r\u00e9v\u00e9l\u00e9e en d\u00e9but de semaine, l\u2019affiche de la Pride 2025 de Paris&hellip;\n","protected":false},"author":2,"featured_media":161311,"comment_status":"","ping_status":"","sticky":false,"template":"","format":"standard","meta":{"footnotes":""},"categories":[1888],"tags":[11,1777,674,1011,27,26750,24310,12,626,25],"class_list":{"0":"post-161310","1":"post","2":"type-post","3":"status-publish","4":"format-standard","5":"has-post-thumbnail","7":"category-paris","8":"tag-actualites","9":"tag-eu","10":"tag-europe","11":"tag-fr","12":"tag-france","13":"tag-la-marche","14":"tag-marche-des-fiertes","15":"tag-news","16":"tag-paris","17":"tag-republique-francaise"},"share_on_mastodon":{"url":"https:\/\/pubeurope.com\/@fr\/114648738917623164","error":""},"_links":{"self":[{"href":"https:\/\/www.europesays.com\/fr\/wp-json\/wp\/v2\/posts\/161310","targetHints":{"allow":["GET"]}}],"collection":[{"href":"https:\/\/www.europesays.com\/fr\/wp-json\/wp\/v2\/posts"}],"about":[{"href":"https:\/\/www.europesays.com\/fr\/wp-json\/wp\/v2\/types\/post"}],"author":[{"embeddable":true,"href":"https:\/\/www.europesays.com\/fr\/wp-json\/wp\/v2\/users\/2"}],"replies":[{"embeddable":true,"href":"https:\/\/www.europesays.com\/fr\/wp-json\/wp\/v2\/comments?post=161310"}],"version-history":[{"count":0,"href":"https:\/\/www.europesays.com\/fr\/wp-json\/wp\/v2\/posts\/161310\/revisions"}],"wp:featuredmedia":[{"embeddable":true,"href":"https:\/\/www.europesays.com\/fr\/wp-json\/wp\/v2\/media\/161311"}],"wp:attachment":[{"href":"https:\/\/www.europesays.com\/fr\/wp-json\/wp\/v2\/media?parent=161310"}],"wp:term":[{"taxonomy":"category","embeddable":true,"href":"https:\/\/www.europesays.com\/fr\/wp-json\/wp\/v2\/categories?post=161310"},{"taxonomy":"post_tag","embeddable":true,"href":"https:\/\/www.europesays.com\/fr\/wp-json\/wp\/v2\/tags?post=161310"}],"curies":[{"name":"wp","href":"https:\/\/api.w.org\/{rel}","templated":true}]}}