{"id":161312,"date":"2025-06-08T16:41:08","date_gmt":"2025-06-08T16:41:08","guid":{"rendered":"https:\/\/www.europesays.com\/fr\/161312\/"},"modified":"2025-06-08T16:41:08","modified_gmt":"2025-06-08T16:41:08","slug":"la-russie-continue-daccuser-lukraine-de-retarder-lechange-de-combattants-morts","status":"publish","type":"post","link":"https:\/\/www.europesays.com\/fr\/161312\/","title":{"rendered":"La Russie continue d&rsquo;accuser l&rsquo;Ukraine de retarder l&rsquo;\u00e9change de combattants morts"},"content":{"rendered":"<p>Les autorit\u00e9s russes ont d\u00e9clar\u00e9 dimanche que Moscou attendait toujours la confirmation officielle de Kyiv que l\u2019\u00e9change pr\u00e9vu de 6000 corps de soldats tu\u00e9s au combat aurait bien lieu, r\u00e9it\u00e9rant ainsi les all\u00e9gations selon lesquelles l\u2019Ukraine aurait report\u00e9 l\u2019op\u00e9ration.<\/p>\n<p>Les m\u00e9dias d\u2019\u00c9tat russes ont cit\u00e9 le lieutenant-g\u00e9n\u00e9ral Alexander Zorin, repr\u00e9sentant du groupe de n\u00e9gociation russe, qui a affirm\u00e9 que la Russie avait livr\u00e9 le premier lot de 1212 corps de soldats des forces arm\u00e9es ukrainiennes sur le site d\u2019\u00e9change \u00e0 la fronti\u00e8re et qu\u2019elle attendait la confirmation de la partie ukrainienne, mais qu\u2019il y avait des \u00absignaux\u00bb indiquant que le processus de transfert des corps serait report\u00e9 \u00e0 la semaine prochaine.<\/p>\n<p>Samedi, la Russie et l\u2019Ukraine se sont accus\u00e9es mutuellement de mettre en p\u00e9ril le projet d\u2019\u00e9change de 6000 corps de soldats tu\u00e9s au combat, convenu lors de pourparlers directs qui se sont tenus lundi \u00e0 Istanbul et qui n\u2019ont pas permis de progresser vers la fin de la guerre.<\/p>\n<p>Vladimir Medinski, un collaborateur de Vladimir Poutine qui dirigeait la d\u00e9l\u00e9gation russe, a d\u00e9clar\u00e9 que l\u2019Ukraine avait demand\u00e9 un arr\u00eat de derni\u00e8re minute pour un \u00e9change imminent. <\/p>\n<p>Dans un message publi\u00e9 sur Telegram samedi, M.\u00a0Medinski a indiqu\u00e9 que des camions frigorifiques transportant plus de 1200 corps de soldats ukrainiens en provenance de Russie avaient d\u00e9j\u00e0 atteint le site d\u2019\u00e9change convenu \u00e0 la fronti\u00e8re lorsque la nouvelle est tomb\u00e9e.<\/p>\n<p>En r\u00e9ponse, l\u2019Ukraine a dit que la Russie jouait un \u00absale jeu\u00bb et manipulait les faits.<\/p>\n<p>Selon la principale autorit\u00e9 ukrainienne charg\u00e9e de ces \u00e9changes, aucune date n\u2019a \u00e9t\u00e9 fix\u00e9e pour le rapatriement des corps. Dans un communiqu\u00e9 publi\u00e9 samedi, l\u2019agence a \u00e9galement accus\u00e9 la Russie de pr\u00e9senter des listes de prisonniers de guerre \u00e0 rapatrier qui ne correspondaient pas aux accords conclus lundi.<\/p>\n<p>Il n\u2019a pas \u00e9t\u00e9 possible dans l\u2019imm\u00e9diat de r\u00e9concilier ces affirmations contradictoires.<\/p>\n<p>Par ailleurs, une personne a \u00e9t\u00e9 tu\u00e9e et une autre a \u00e9t\u00e9 gri\u00e8vement bless\u00e9e lors de frappes a\u00e9riennes russes sur la r\u00e9gion de Kharkiv, dans l\u2019est de l\u2019Ukraine. Ces frappes ont eu lieu apr\u00e8s des attaques russes sur la capitale r\u00e9gionale, \u00e9galement appel\u00e9e Kharkiv, samedi. <\/p>\n<p>La police r\u00e9gionale de Kharkiv a d\u00e9clar\u00e9 dimanche que le bilan des attaques de samedi s\u2019\u00e9levait \u00e0 six morts. Plus d\u2019une vingtaine d\u2019autres personnes ont \u00e9t\u00e9 bless\u00e9es.<\/p>\n<p>L\u2019arm\u00e9e de l\u2019air ukrainienne a indiqu\u00e9 dimanche que la Russie avait tir\u00e9 au total 49\u00a0drones et leurres explosifs ainsi que trois missiles au cours de la nuit. Quarante drones ont \u00e9t\u00e9 abattus ou bloqu\u00e9s \u00e9lectroniquement.<\/p>\n<p>Par ailleurs, le minist\u00e8re russe de la D\u00e9fense a d\u00e9clar\u00e9 que ses forces avaient abattu 61\u00a0drones ukrainiens au cours de la nuit, y compris pr\u00e8s de la capitale.<\/p>\n<p>Deux personnes ont \u00e9t\u00e9 bless\u00e9es lorsqu\u2019une attaque de drone de l\u2019Ukraine a d\u00e9clench\u00e9 un incendie dans une usine chimique de la r\u00e9gion de Toula.<\/p>\n<p>Les autorit\u00e9s russes ont d\u00e9clar\u00e9 t\u00f4t dimanche que les a\u00e9roports de Vnukovo et de Domodedovo, qui desservent Moscou, avaient temporairement suspendu leurs vols en raison d\u2019une attaque de drone de l\u2019Ukraine. <\/p>\n","protected":false},"excerpt":{"rendered":"Les autorit\u00e9s russes ont d\u00e9clar\u00e9 dimanche que Moscou attendait toujours la confirmation officielle de Kyiv que l\u2019\u00e9change pr\u00e9vu&hellip;\n","protected":false},"author":2,"featured_media":161313,"comment_status":"","ping_status":"","sticky":false,"template":"","format":"standard","meta":{"footnotes":""},"categories":[1591],"tags":[11,1887,1854,12,1885,1886,132],"class_list":{"0":"post-161312","1":"post","2":"type-post","3":"status-publish","4":"format-standard","5":"has-post-thumbnail","7":"category-russie","8":"tag-actualites","9":"tag-federation-de-russie","10":"tag-https-lactualite-com-sujet-international","11":"tag-news","12":"tag-russia","13":"tag-russian-federation","14":"tag-russie"},"share_on_mastodon":{"url":"https:\/\/pubeurope.com\/@fr\/114648742867042544","error":""},"_links":{"self":[{"href":"https:\/\/www.europesays.com\/fr\/wp-json\/wp\/v2\/posts\/161312","targetHints":{"allow":["GET"]}}],"collection":[{"href":"https:\/\/www.europesays.com\/fr\/wp-json\/wp\/v2\/posts"}],"about":[{"href":"https:\/\/www.europesays.com\/fr\/wp-json\/wp\/v2\/types\/post"}],"author":[{"embeddable":true,"href":"https:\/\/www.europesays.com\/fr\/wp-json\/wp\/v2\/users\/2"}],"replies":[{"embeddable":true,"href":"https:\/\/www.europesays.com\/fr\/wp-json\/wp\/v2\/comments?post=161312"}],"version-history":[{"count":0,"href":"https:\/\/www.europesays.com\/fr\/wp-json\/wp\/v2\/posts\/161312\/revisions"}],"wp:featuredmedia":[{"embeddable":true,"href":"https:\/\/www.europesays.com\/fr\/wp-json\/wp\/v2\/media\/161313"}],"wp:attachment":[{"href":"https:\/\/www.europesays.com\/fr\/wp-json\/wp\/v2\/media?parent=161312"}],"wp:term":[{"taxonomy":"category","embeddable":true,"href":"https:\/\/www.europesays.com\/fr\/wp-json\/wp\/v2\/categories?post=161312"},{"taxonomy":"post_tag","embeddable":true,"href":"https:\/\/www.europesays.com\/fr\/wp-json\/wp\/v2\/tags?post=161312"}],"curies":[{"name":"wp","href":"https:\/\/api.w.org\/{rel}","templated":true}]}}