{"id":161314,"date":"2025-06-08T16:42:13","date_gmt":"2025-06-08T16:42:13","guid":{"rendered":"https:\/\/www.europesays.com\/fr\/161314\/"},"modified":"2025-06-08T16:42:13","modified_gmt":"2025-06-08T16:42:13","slug":"guerre-en-ukraine-larmee-russe-annonce-attaquer-la-region-de-dnipropetrovsk","status":"publish","type":"post","link":"https:\/\/www.europesays.com\/fr\/161314\/","title":{"rendered":"Guerre en Ukraine: l&rsquo;arm\u00e9e russe annonce attaquer la r\u00e9gion de Dnipropetrovsk"},"content":{"rendered":"<p>Pour l&rsquo;heure, c\u00f4t\u00e9 ukrainien, seul le commandement des forces de d\u00e9fense du Sud a r\u00e9agi, disant que \u00ab\u00a0l&rsquo;ennemi n&rsquo;abandonnait pas ses intentions d&rsquo;entrer dans la r\u00e9gion de Dnipropetrovsk\u00a0\u00bb, dans le centre est, et que les soldats ukrainiens \u00ab\u00a0tenaient leur secteur du front\u00a0\u00bb.<\/p>\n<p>Mais ni le haut commandement militaire ni le pr\u00e9sident Volodymyr Zelensky n&rsquo;ont pour l&rsquo;instant fait de commentaires face \u00e0 ce qui pourrait, si cela \u00e9tait confirm\u00e9, marquer un revers pour des forces ukrainiennes en difficult\u00e9 sur le front faute d&rsquo;hommes et d&rsquo;armements.<\/p>\n<p>\u00ab\u00a0Les unit\u00e9s de la 90e division blind\u00e9e (&#8230;) ont atteint la fronti\u00e8re ouest de la R\u00e9publique populaire de Donetsk (la r\u00e9gion de Donetsk annex\u00e9e, ndlr) et continuent de mener l&rsquo;offensive sur le territoire de la r\u00e9gion de Dnipropetrovsk\u00a0\u00bb, a \u00e9crit l&rsquo;arm\u00e9e russe sur Telegram.<\/p>\n<p> Village pris <\/p>\n<p>              <img ci-src=\"https:\/\/www.varmatin.com\/conflits\/afp\/86ff9f6b9f1a2c5c7140dd311ae5414cb8649499-L1rHHeEq.jpg?vh=d4ad25&amp;ci_seal=6a2c337afd\" alt=\"\"\/><br \/>\n        Un soldat ukrainien bless\u00e9 soign\u00e9 pr\u00e8s de Pokrovsk, dans l&rsquo;est de l&rsquo;Ukraine, le 7 juin 2025 <strong>AFP \/ Florent VERGNES.<\/strong> <\/p>\n<p>Plus t\u00f4t dans la journ\u00e9e, les autorit\u00e9s de cette r\u00e9gion avaient fait part d&rsquo;un mort dans un bombardement russe \u00e0 Mejova, une localit\u00e9 situ\u00e9e \u00e0 13 kilom\u00e8tres de la r\u00e9gion de Donetsk.<\/p>\n<p>Dans cette ville, o\u00f9 le calme semble r\u00e9gner, le lieutenant-colonel Oleksandr dit \u00e0 l&rsquo;AFP que \u00ab\u00a0des combat ont d\u00e9j\u00e0 lieu ici et l\u00e0\u00a0\u00bb et que les Russes sont \u00ab\u00a0tr\u00e8s proches\u00a0\u00bb de la fronti\u00e8re r\u00e9gionale.<\/p>\n<p>\u00ab\u00a0Ils avancent lentement, tr\u00e8s lentement mais ils avancent\u00a0\u00bb, estime ce soldat de 60 ans.<\/p>\n<p>Moscou a par ailleurs annonc\u00e9 dimanche la prise de Zaria, un village de la r\u00e9gion de Donetsk.<\/p>\n<p>              <img ci-src=\"https:\/\/www.varmatin.com\/conflits\/afp\/830d23e3ba9ad872516421b9803536322296680c-KQZGrMkY.jpg?vh=676782&amp;ci_seal=c978a40689\" alt=\"\"\/><br \/>\n        Des soldats ukrainiens dans un lieu non pr\u00e9cis\u00e9 dans l&rsquo;est de l&rsquo;Ukraine, le 6 juin 2025 <strong>AFP \/ Florent VERGNES.<\/strong> <\/p>\n<p>Cette avanc\u00e9e des troupes russes pourrait \u00e9galement avoir une valeur strat\u00e9gique sur le terrain, en pleines discussions diplomatiques pouss\u00e9es par Washington en vue d&rsquo;un r\u00e8glement du conflit, sans r\u00e9sultats \u00e0 l&rsquo;heure actuelle.<\/p>\n<p>\u00ab\u00a0Quiconque refuse de reconna\u00eetre les r\u00e9alit\u00e9s de la guerre lors des n\u00e9gociations se verra confront\u00e9 \u00e0 de nouvelles r\u00e9alit\u00e9s sur le terrain. Nos forces arm\u00e9es ont lanc\u00e9 une offensive dans la r\u00e9gion de Dnipropetrovsk\u00a0\u00bb, a d\u00e9clar\u00e9 sur Telegram l&rsquo;ancien pr\u00e9sident russe Dmitri Medvedev, l&rsquo;actuel num\u00e9ro deux du Conseil de s\u00e9curit\u00e9.<\/p>\n<p>De plus, certains observateurs consid\u00e8rent que les Russes pourraient vouloir continuer leur progression dans cette zone pour mettre \u00e0 mal le dispositif d\u00e9fensif ukrainien dans le Donbass, dont la conqu\u00eate totale est l&rsquo;objectif \u00ab\u00a0num\u00e9ro un\u00a0\u00bb proclam\u00e9 par le chef de l&rsquo;Etat russe Vladimir Poutine.<\/p>\n<p>Avant l&rsquo;offensive russe de f\u00e9vrier 2022, quelque trois millions de personnes vivaient dans la r\u00e9gion de Dnipropetrovsk, dont environ un million dans la capitale r\u00e9gionale, Dnipro, qui est r\u00e9guli\u00e8rement la cible de frappes meurtri\u00e8res de drones et de missiles.<\/p>\n<p>              <img ci-src=\"https:\/\/www.varmatin.com\/conflits\/afp\/36a38fbb5490899a8be98ebf1c97133cacafadf8-mTc9JBPN.jpg?vh=83a4c5&amp;ci_seal=f38bcbf122\" alt=\"\"\/><br \/>\n        Photo diffus\u00e9e par le service d&rsquo;urgence ukrainien, le 21 novembre 2024, montrant des pompiers ukrainiens sur un site apr\u00e8s une attaque a\u00e9rienne russe \u00e0 Dnipro <strong>Service d&rsquo;urgence ukrainien\/AFP\/Archives \/ Handout.<\/strong> <\/p>\n<p>C&rsquo;est sur Dnipro qu&rsquo;en novembre 2024, la Russie avait pour la premi\u00e8re fois tir\u00e9 son missile exp\u00e9rimental de port\u00e9e interm\u00e9diaire Orechnik, affirmant avoir touch\u00e9 un site industriel militaire.<\/p>\n<p>De nombreux Ukrainiens, fuyant les combats dans les r\u00e9gions orientales de Donetsk et de Lougansk, ont par ailleurs trouv\u00e9 refuge dans cette r\u00e9gion.<\/p>\n<p>Selon l&rsquo;analyste militaire ukrainien Oleksi\u00ef Kopytko, une avanc\u00e9e russe dans la r\u00e9gion de Dnipropetrovsk pr\u00e9sente toutefois \u00ab\u00a0beaucoup plus de risques que d&rsquo;avantages pour la Russie\u00a0\u00bb, en raison de son \u00ab\u00a0impossibilit\u00e9 \u00e0 concentrer des troupes\u00a0\u00bb en nombre suffisant \u00ab\u00a0pour une perc\u00e9e\u00a0\u00bb.<\/p>\n<p> \u00ab\u00a0Semaine prochaine\u00a0\u00bb <\/p>\n<p>              <img ci-src=\"https:\/\/www.varmatin.com\/conflits\/afp\/c41151b4147df2f8da16ee175c32996746896be3-SfDyi1rn.jpg?vh=9a3d81&amp;ci_seal=056f874710\" alt=\"\"\/><br \/>\n        Des membres des d\u00e9l\u00e9gations ukrainienne (d), russe (g) et turque (c), lors de n\u00e9gociations sur une tr\u00eave, le 2 juin 2025 \u00e0 Istanbul&#13;<br \/>\n&#13;<br \/>\n <strong>AFP\/Archives \/ Adem ALTAN.<\/strong> <\/p>\n<p>L&rsquo;annonce de cette op\u00e9ration intervient \u00e0 un moment o\u00f9 Moscou et Kiev s&rsquo;accusent mutuellement de perturber un \u00e9change de prisonniers et de soldats tu\u00e9s.<\/p>\n<p>L&rsquo;arm\u00e9e russe a r\u00e9p\u00e9t\u00e9 dimanche \u00eatre \u00ab\u00a0pr\u00eate \u00e0 restituer plus de 6.000 corps\u00a0\u00bb de soldats ukrainiens, assurant avoir transf\u00e9r\u00e9 1.212 d\u00e9pouilles et s&rsquo;appr\u00eatant \u00e0 en livrer d&rsquo;autres \u00e0 la fronti\u00e8re russo-ukrainienne, dans la r\u00e9gion de Briansk.<\/p>\n<p>Le chef du renseignement militaire ukrainien, Kyrylo Boudanov, a affirm\u00e9 dimanche que le processus aurait lieu \u00ab\u00a0la semaine prochaine\u00a0\u00bb, accusant la Russie de \u00ab\u00a0jeu informationnel d\u00e9loyal\u00a0\u00bb.<\/p>\n<p>              <img ci-src=\"https:\/\/www.varmatin.com\/conflits\/afp\/2f9cc5141eab5dd741ee2a268f30350a3d715882-2k2PedPr.jpg?vh=9d840c&amp;ci_seal=64be490465\" alt=\"\"\/><br \/>\n        Le pr\u00e9sident russe Vladimir Poutine lors d&rsquo;une r\u00e9union \u00e0 Novo-Ogaryovo, pr\u00e8s de Moscou, le 5 juin 2025 <strong>POOL\/AFP \/ Gavriil Grigorov.<\/strong> <\/p>\n<p>Cet \u00e9change, s&rsquo;il a lieu, sera l&rsquo;unique r\u00e9sultat concret des pourparlers directs du d\u00e9but de semaine.<\/p>\n<p>Ces n\u00e9gociations \u00e0 Istanbul entre Kiev et Moscou sur une tr\u00eave, encourag\u00e9e par Washington, n&rsquo;ont pas permis de rapprocher les positions.<\/p>\n<p>La d\u00e9l\u00e9gation russe a remis \u00e0 Kiev une liste de demandes comprenant notamment le retrait de ses forces de quatre r\u00e9gions dont Moscou revendique l&rsquo;annexion, la renonciation de l&rsquo;Ukraine \u00e0 int\u00e9grer l&rsquo;Otan et la limitation de la taille de son arm\u00e9e.<\/p>\n<p>Des conditions qualifi\u00e9es mercredi par le pr\u00e9sident Zelensky d'\u00a0\u00bbultimatums\u00a0\u00bb inacceptables.<\/p>\n","protected":false},"excerpt":{"rendered":"Pour l&rsquo;heure, c\u00f4t\u00e9 ukrainien, seul le commandement des forces de d\u00e9fense du Sud a r\u00e9agi, disant que \u00ab\u00a0l&rsquo;ennemi&hellip;\n","protected":false},"author":2,"featured_media":161315,"comment_status":"","ping_status":"","sticky":false,"template":"","format":"standard","meta":{"footnotes":""},"categories":[1590],"tags":[11,10411,1777,674,12,220],"class_list":{"0":"post-161314","1":"post","2":"type-post","3":"status-publish","4":"format-standard","5":"has-post-thumbnail","7":"category-ukraine","8":"tag-actualites","9":"tag-conflits","10":"tag-eu","11":"tag-europe","12":"tag-news","13":"tag-ukraine"},"share_on_mastodon":{"url":"https:\/\/pubeurope.com\/@fr\/114648746805603821","error":""},"_links":{"self":[{"href":"https:\/\/www.europesays.com\/fr\/wp-json\/wp\/v2\/posts\/161314","targetHints":{"allow":["GET"]}}],"collection":[{"href":"https:\/\/www.europesays.com\/fr\/wp-json\/wp\/v2\/posts"}],"about":[{"href":"https:\/\/www.europesays.com\/fr\/wp-json\/wp\/v2\/types\/post"}],"author":[{"embeddable":true,"href":"https:\/\/www.europesays.com\/fr\/wp-json\/wp\/v2\/users\/2"}],"replies":[{"embeddable":true,"href":"https:\/\/www.europesays.com\/fr\/wp-json\/wp\/v2\/comments?post=161314"}],"version-history":[{"count":0,"href":"https:\/\/www.europesays.com\/fr\/wp-json\/wp\/v2\/posts\/161314\/revisions"}],"wp:featuredmedia":[{"embeddable":true,"href":"https:\/\/www.europesays.com\/fr\/wp-json\/wp\/v2\/media\/161315"}],"wp:attachment":[{"href":"https:\/\/www.europesays.com\/fr\/wp-json\/wp\/v2\/media?parent=161314"}],"wp:term":[{"taxonomy":"category","embeddable":true,"href":"https:\/\/www.europesays.com\/fr\/wp-json\/wp\/v2\/categories?post=161314"},{"taxonomy":"post_tag","embeddable":true,"href":"https:\/\/www.europesays.com\/fr\/wp-json\/wp\/v2\/tags?post=161314"}],"curies":[{"name":"wp","href":"https:\/\/api.w.org\/{rel}","templated":true}]}}