{"id":161320,"date":"2025-06-08T16:45:11","date_gmt":"2025-06-08T16:45:11","guid":{"rendered":"https:\/\/www.europesays.com\/fr\/161320\/"},"modified":"2025-06-08T16:45:11","modified_gmt":"2025-06-08T16:45:11","slug":"en-allemagne-lillusion-du-cloud-souverain-europeen-damazon","status":"publish","type":"post","link":"https:\/\/www.europesays.com\/fr\/161320\/","title":{"rendered":"En Allemagne, l\u2019illusion du cloud \u00absouverain\u00bb europ\u00e9en d\u2019Amazon"},"content":{"rendered":"<p><strong>VU D\u2019AILLEURS<\/strong> &#8211; Les centres de donn\u00e9es bas\u00e9s dans le Brandebourg sont cens\u00e9s fonctionner ind\u00e9pendamment du groupe am\u00e9ricain. Mais les d\u00e9tracteurs alertent\u00a0: malgr\u00e9 les apparences, ce sont d\u2019autres mains qui contr\u00f4lent r\u00e9ellement la technologie.<\/p>\n<p class=\"fig-paragraph\">Par Benedikt Fuest (Die Welt)<\/p>\n<p class=\"fig-paragraph\">Un si\u00e8ge social \u00e0\u00a0<a href=\"http:\/\/www.lefigaro.fr\/voyages\/guides\/visiter-potsdam-en-1-jour-que-faire-dans-cette-ville-d-eau-de-parcs-et-de-chateaux-extraordinaires-20240802\" target=\"_blank\" data-fig-type=\"Article\" rel=\"noopener nofollow\" data-gtm-custom-categorie=\"navigation\" data-gtm-custom-action=\"crossclick\" data-gtm-custom-label=\"Contextuel\" data-gtm-event=\"customEventSPE\" data-fig-domain=\"LEFIGARO\">Potsdam<\/a>, une direction europ\u00e9enne et des investissements \u00e0 hauteur de 7,8 milliards de dollars\u00a0:\u00a0<a href=\"http:\/\/www.lefigaro.fr\/flash-eco\/amazon-web-services-revendique-80-du-cac40-dans-sa-clientele-20220927\" target=\"_blank\" data-fig-type=\"NewsFlash\" rel=\"noopener nofollow\" data-gtm-custom-categorie=\"navigation\" data-gtm-custom-action=\"crossclick\" data-gtm-custom-label=\"Contextuel\" data-gtm-event=\"customEventSPE\" data-fig-domain=\"LEFIGARO\">Amazon Web Services (AWS)<\/a>, la filiale de services cloud d\u2019Amazon, pr\u00e9voit de cr\u00e9er sa propre filiale allemande sous la forme d\u2019une GmbH. L\u2019objectif\u00a0: proposer une offre de services informatiques pour l\u2019Europe aussi autonome que possible vis-\u00e0-vis de la maison m\u00e8re. L\u2019\u00e9quipe de direction devra elle aussi fonctionner de mani\u00e8re ind\u00e9pendante. Les directeurs g\u00e9n\u00e9raux et les d\u00e9l\u00e9gu\u00e9s \u00e0 la protection des donn\u00e9es devront \u00eatre des citoyens de l\u2019Union europ\u00e9enne, r\u00e9sidant sur son territoire.<\/p>\n<p class=\"fig-paragraph\">Sous l\u2019appellation \u00ab\u00a0<a href=\"http:\/\/www.lefigaro.fr\/secteur\/high-tech\/amazon-met-les-bouchees-doubles-dans-l-ia-generative-20240618\" target=\"_blank\" data-fig-type=\"NewsFlash\" rel=\"noopener nofollow\" data-gtm-custom-categorie=\"navigation\" data-gtm-custom-action=\"crossclick\" data-gtm-custom-label=\"Contextuel\" data-gtm-event=\"customEventSPE\" data-fig-domain=\"LEFIGARO\">AWS European Sovereign Cloud<\/a>\u00a0\u00bb, le groupe souhaite ainsi r\u00e9pondre aux exigences des clients europ\u00e9ens en mati\u00e8re de s\u00e9curit\u00e9 et de protection des donn\u00e9es. Les clients doivent notamment pouvoir contr\u00f4ler l\u2019emplacement et le d\u00e9placement de leurs informations.<\/p>\n<p class=\"fig-body-link\">\n            \u00c0 lire aussi<br \/>\n        <a class=\"fig-body-link__link fig-premium-mark\" href=\"http:\/\/www.lefigaro.fr\/secteur\/high-tech\/matt-garman-pdg-d-aws-les-besoins-en-energie-de-l-ia-deviennent-un-vrai-challenge-20240911\" target=\"_blank\" data-fig-type=\"NewsFlash\" rel=\"noopener nofollow\" data-gtm-custom-categorie=\"navigation\" data-gtm-custom-action=\"crossclick\" data-gtm-custom-label=\"Contextuel\" data-gtm-event=\"customEventSPE\" data-fig-domain=\"LEFIGARO\">Matt Garman, PDG d\u2019AWS: \u00ab\u00a0Les besoins en \u00e9nergie de l\u2019IA deviennent un vrai challenge\u00a0\u00bb<br \/>\n    <\/a>\n<\/p>\n<p class=\"fig-paragraph\">Pour y parvenir, Amazon pr\u00e9voit de cr\u00e9er au total trois filiales sp\u00e9cialis\u00e9es\u2026<\/p>\n<p class=\"fig-premium-paywall__infos\">\n        Cet article est r\u00e9serv\u00e9 aux abonn\u00e9s.        Il vous reste 87% \u00e0 d\u00e9couvrir.\n    <\/p>\n<p>                <img  data- alt=\"Le Figaro\" class=\"fig-img--complete fig-img\"\/><\/p>\n<p class=\"fig-premium-paywall__title\">Vente Flash<\/p>\n<p class=\"fig-premium-paywall__subtitle\">3,99\u20ac par mois pendant 12 mois. Sans engagement.<\/p>\n<p class=\"fig-premium-paywall__connect\">\n                D\u00e9j\u00e0 abonn\u00e9\u00a0?                <a class=\"fig-premium-paywall__connect-link\" href=\"https:\/\/connect.lefigaro.fr\/login?client=horizon_web&amp;type=main&amp;redirect_uri=https%3A%2F%2Fwww.lefigaro.fr%2Finternational%2Fen-allemagne-l-illusion-du-cloud-souverain-europeen-d-amazon-20250608\" data-js-gtm=\"{&quot;customCategorie&quot;: &quot;conversion&quot;, &quot;customAction&quot;: &quot;before_Landing_Connexion_paywall_auto&quot;, &quot;customLabel&quot;: &quot;bGVmaWdhcm8uZnJfXzFmMDQyZmNmLTFjMDItNjU3ZS05ZGZmLTVkNmRjMDNiZGQ1Ml9fQXJ0aWNsZQ==_En Allemagne, l\u2019illusion du cloud \u00absouverain\u00bb europ\u00e9en d\u2019Amazon_76&quot;, &quot;customIDSPE&quot;: &quot;bGVmaWdhcm8uZnJfXzFmMDQyZmNmLTFjMDItNjU3ZS05ZGZmLTVkNmRjMDNiZGQ1Ml9fQXJ0aWNsZQ==&quot;, &quot;event&quot;: &quot;customEventSPE&quot;}\" rel=\"nofollow noopener\" target=\"_blank\"><br \/>\n                    Connectez-vous<br \/>\n                <\/a>\n            <\/p>\n","protected":false},"excerpt":{"rendered":"VU D\u2019AILLEURS &#8211; Les centres de donn\u00e9es bas\u00e9s dans le Brandebourg sont cens\u00e9s fonctionner ind\u00e9pendamment du groupe am\u00e9ricain.&hellip;\n","protected":false},"author":2,"featured_media":161321,"comment_status":"","ping_status":"","sticky":false,"template":"","format":"standard","meta":{"footnotes":""},"categories":[1587],"tags":[259,11,260,672,4239,1804,1805,1803,1777,674,1801,14,261,12,262,1802],"class_list":{"0":"post-161320","1":"post","2":"type-post","3":"status-publish","4":"format-standard","5":"has-post-thumbnail","7":"category-allemagne","8":"tag-actualite-internationale","9":"tag-actualites","10":"tag-affaires-etrangeres","11":"tag-allemagne","12":"tag-amazon","13":"tag-bundesrepublik-deutschland","14":"tag-de","15":"tag-deutschland","16":"tag-eu","17":"tag-europe","18":"tag-germany","19":"tag-international","20":"tag-ministere-des-affaires-etrangeres","21":"tag-news","22":"tag-politique-etrangere","23":"tag-republique-federale-dallemagne"},"share_on_mastodon":{"url":"https:\/\/pubeurope.com\/@fr\/114648758608448918","error":""},"_links":{"self":[{"href":"https:\/\/www.europesays.com\/fr\/wp-json\/wp\/v2\/posts\/161320","targetHints":{"allow":["GET"]}}],"collection":[{"href":"https:\/\/www.europesays.com\/fr\/wp-json\/wp\/v2\/posts"}],"about":[{"href":"https:\/\/www.europesays.com\/fr\/wp-json\/wp\/v2\/types\/post"}],"author":[{"embeddable":true,"href":"https:\/\/www.europesays.com\/fr\/wp-json\/wp\/v2\/users\/2"}],"replies":[{"embeddable":true,"href":"https:\/\/www.europesays.com\/fr\/wp-json\/wp\/v2\/comments?post=161320"}],"version-history":[{"count":0,"href":"https:\/\/www.europesays.com\/fr\/wp-json\/wp\/v2\/posts\/161320\/revisions"}],"wp:featuredmedia":[{"embeddable":true,"href":"https:\/\/www.europesays.com\/fr\/wp-json\/wp\/v2\/media\/161321"}],"wp:attachment":[{"href":"https:\/\/www.europesays.com\/fr\/wp-json\/wp\/v2\/media?parent=161320"}],"wp:term":[{"taxonomy":"category","embeddable":true,"href":"https:\/\/www.europesays.com\/fr\/wp-json\/wp\/v2\/categories?post=161320"},{"taxonomy":"post_tag","embeddable":true,"href":"https:\/\/www.europesays.com\/fr\/wp-json\/wp\/v2\/tags?post=161320"}],"curies":[{"name":"wp","href":"https:\/\/api.w.org\/{rel}","templated":true}]}}