{"id":161324,"date":"2025-06-08T16:47:08","date_gmt":"2025-06-08T16:47:08","guid":{"rendered":"https:\/\/www.europesays.com\/fr\/161324\/"},"modified":"2025-06-08T16:47:08","modified_gmt":"2025-06-08T16:47:08","slug":"comment-5-lyceens-de-gironde-ont-endosse-le-role-de-depute-europeen-durant-une-journee","status":"publish","type":"post","link":"https:\/\/www.europesays.com\/fr\/161324\/","title":{"rendered":"Comment 5 lyc\u00e9ens de Gironde ont endoss\u00e9 le r\u00f4le de d\u00e9put\u00e9 europ\u00e9en durant une journ\u00e9e"},"content":{"rendered":"<p>            Par<br \/>\n        <strong><br \/>\n            <a href=\"https:\/\/actu.fr\/auteur\/redaction-republicainlangon\" title=\"Consulter tous les articles de R\u00e9daction Le R\u00e9publicain Langon\" target=\"_blank\" rel=\"noopener\">R\u00e9daction Le R\u00e9publicain Langon<\/a><br \/>\n        <\/strong><\/p>\n<p>        Publi\u00e9 le<\/p>\n<p>            8 juin 2025 \u00e0 18h02        <\/p>\n<p>Cinq \u00e9l\u00e8ves de la section d\u2019enseignement professionnel du lyc\u00e9e Gis\u00e8le-Halimi de <a href=\"https:\/\/actu.fr\/nouvelle-aquitaine\/bazas_33036\" target=\"_blank\" rel=\"noopener\">Bazas<\/a> (Gironde) ont v\u00e9cu <b>une immersion totale<\/b> dans les rouages du Parlement Europ\u00e9en gr\u00e2ce \u00e0 une simulation grandeur nature organis\u00e9e par l\u2019association Eurofeel en partenariat avec Europe Direct, \u00e0 l\u2019h\u00f4tel de R\u00e9gion \u00e0 Bordeaux.<\/p>\n<p class=\" wall-content\">Durant cette journ\u00e9e exceptionnelle, ces lyc\u00e9ens ont endoss\u00e9<b> le r\u00f4le de v\u00e9ritables eurod\u00e9put\u00e9s <\/b>et ont d\u00e9battu aux c\u00f4t\u00e9s d\u2019une centaine d\u2019autres jeunes venus de divers \u00e9tablissements de la r\u00e9gion.<\/p>\n<p class=\" wall-content\">Leur mission ? D\u00e9fendre des id\u00e9es,<b> proposer des amendements <\/b>et voter un texte de loi portant sur l\u2019\u00e9quilibre entre vie professionnelle et vie familiale.<\/p>\n<p>Repr\u00e9senter des partis politiques<\/p>\n<p class=\" wall-content\">R\u00e9partis en groupes repr\u00e9sentant les diff\u00e9rents partis politiques de l\u2019Union Europ\u00e9enne, certains ont m\u00eame pris les r\u00eanes <b>en devenant chefs de groupe<\/b>, plongeant ainsi dans le c\u0153ur du processus d\u00e9cisionnel d\u00e9mocratique.<\/p>\n<p class=\" wall-content\">Loin d\u2019une simple mise en sc\u00e8ne, cette exp\u00e9rience les a pouss\u00e9s \u00e0 se d\u00e9passer : argumenter sans avoir choisi leur parti, affronter le d\u00e9bat, surmonter leur timidit\u00e9 et <b>d\u00e9fendre les orientations politiques de leur groupe<\/b>. Des commissions de travail aux politiques de couloirs en passant par le grand vote dans l\u2019h\u00e9micycle, ces apprentis d\u00e9put\u00e9s ont v\u00e9cu toutes les \u00e9tapes qui rythment la politique europ\u00e9enne.<\/p>\n<p>Une v\u00e9ritable immersion<\/p>\n<p class=\" wall-content\">Fi\u00e8re de ses \u00e9l\u00e8ves, leur enseignante en Lettres-Histoire, C\u00e9line Kuric, ne cache pas son enthousiasme :<\/p>\n<p>Vid\u00e9os : en ce moment sur Actu<\/p>\n<blockquote class=\"ac-article-quote wall-content\">\n<p>C\u2019est une exp\u00e9rience id\u00e9ale pour comprendre le fonctionnement des institutions europ\u00e9ennes, d\u00e9velopper l\u2019esprit critique, affiner la rh\u00e9torique et \u00e9veiller leur curiosit\u00e9 pour la politique. Un prolongement concret des savoirs th\u00e9oriques \u00e9tudi\u00e9s en classe.<\/p>\n<p>C\u00e9line Kuric<\/p><\/blockquote>\n<p class=\" wall-content\">Du c\u00f4t\u00e9 des lyc\u00e9ens, l\u2019enthousiasme est palpable. Milo Gardere, \u00e9l\u00e8ve de 1re M\u00e9tiers de l\u2019Accueil, t\u00e9moigne : \u00ab\u00a0On a vraiment \u00e9t\u00e9 consid\u00e9r\u00e9s comme de vrais d\u00e9put\u00e9s tout au long de la journ\u00e9e ! D\u00e9fendre ses id\u00e9es n\u2019est pas toujours facile, mais j\u2019ai ador\u00e9 !\u00a0\u00bb L\u00e9ana Parinet ajoute : \u00ab\u00a0J\u2019ai appris le fonctionnement du Parlement Europ\u00e9en, une incroyable exp\u00e9rience ! \u00ab\u00a0<\/p>\n<p class=\" wall-content\">Cette simulation s\u2019inscrit parfaitement dans l\u2019engagement de ces jeunes passionn\u00e9s, qui <b>animent chaque semaine un club Europe<\/b> et orchestrent avec \u00e9nergie le \u00ab\u00a0Joli mois de l\u2019Europe\u00a0\u00bb au sein du lyc\u00e9e : repas aux saveurs europ\u00e9ennes, quiz quotidien et journ\u00e9e de sensibilisation aux enjeux de l\u2019Union Europ\u00e9enne en partenariat avec la Maison de l\u2019Europe de Bordeaux et Europe Direct.<\/p>\n<p class=\" wall-content\">\u00c0 l\u2019issue de cette journ\u00e9e intense, une chose est s\u00fbre : ces jeunes europhiles n\u2019ont qu\u2019une seule envie, recommencer l\u2019ann\u00e9e prochaine.<\/p>\n<p class=\" wall-content\">Suivez toute l\u2019actualit\u00e9 de vos villes et m\u00e9dias favoris en vous inscrivant \u00e0 <a href=\"https:\/\/moncompte.actu.fr\" title=\"D\u00e9couvez Mon Actu\" rel=\"nofollow noopener\" data-trk=\"{&quot;cta&quot;:{&quot;action&quot;:&quot;https:\\\/\\\/moncompte.actu.fr&quot;,&quot;category&quot;:&quot;mon compte&quot;,&quot;from&quot;:&quot;article footer&quot;,&quot;name&quot;:&quot;Mon actu&quot;,&quot;type&quot;:&quot;cta&quot;}}\" target=\"_blank\">Mon Actu<\/a>.<\/p>\n","protected":false},"excerpt":{"rendered":"Par R\u00e9daction Le R\u00e9publicain Langon Publi\u00e9 le 8 juin 2025 \u00e0 18h02 Cinq \u00e9l\u00e8ves de la section d\u2019enseignement&hellip;\n","protected":false},"author":2,"featured_media":161325,"comment_status":"","ping_status":"","sticky":false,"template":"","format":"standard","meta":{"footnotes":""},"categories":[1586],"tags":[11,1777,674,1779,1011,27,12,8552,25,104,240,1778,364],"class_list":{"0":"post-161324","1":"post","2":"type-post","3":"status-publish","4":"format-standard","5":"has-post-thumbnail","7":"category-europe","8":"tag-actualites","9":"tag-eu","10":"tag-europe","11":"tag-european-union","12":"tag-fr","13":"tag-france","14":"tag-news","15":"tag-parlement-europeen","16":"tag-republique-francaise","17":"tag-societe","18":"tag-temoignage","19":"tag-ue","20":"tag-union-europeenne"},"share_on_mastodon":{"url":"https:\/\/pubeurope.com\/@fr\/114648767138965450","error":""},"_links":{"self":[{"href":"https:\/\/www.europesays.com\/fr\/wp-json\/wp\/v2\/posts\/161324","targetHints":{"allow":["GET"]}}],"collection":[{"href":"https:\/\/www.europesays.com\/fr\/wp-json\/wp\/v2\/posts"}],"about":[{"href":"https:\/\/www.europesays.com\/fr\/wp-json\/wp\/v2\/types\/post"}],"author":[{"embeddable":true,"href":"https:\/\/www.europesays.com\/fr\/wp-json\/wp\/v2\/users\/2"}],"replies":[{"embeddable":true,"href":"https:\/\/www.europesays.com\/fr\/wp-json\/wp\/v2\/comments?post=161324"}],"version-history":[{"count":0,"href":"https:\/\/www.europesays.com\/fr\/wp-json\/wp\/v2\/posts\/161324\/revisions"}],"wp:featuredmedia":[{"embeddable":true,"href":"https:\/\/www.europesays.com\/fr\/wp-json\/wp\/v2\/media\/161325"}],"wp:attachment":[{"href":"https:\/\/www.europesays.com\/fr\/wp-json\/wp\/v2\/media?parent=161324"}],"wp:term":[{"taxonomy":"category","embeddable":true,"href":"https:\/\/www.europesays.com\/fr\/wp-json\/wp\/v2\/categories?post=161324"},{"taxonomy":"post_tag","embeddable":true,"href":"https:\/\/www.europesays.com\/fr\/wp-json\/wp\/v2\/tags?post=161324"}],"curies":[{"name":"wp","href":"https:\/\/api.w.org\/{rel}","templated":true}]}}