{"id":161328,"date":"2025-06-08T16:49:11","date_gmt":"2025-06-08T16:49:11","guid":{"rendered":"https:\/\/www.europesays.com\/fr\/161328\/"},"modified":"2025-06-08T16:49:11","modified_gmt":"2025-06-08T16:49:11","slug":"apres-le-recadrage-de-macron-sur-maprimerenov-lombard-fixe-une-date-de-retour-du-dispositif","status":"publish","type":"post","link":"https:\/\/www.europesays.com\/fr\/161328\/","title":{"rendered":"Apr\u00e8s le recadrage de Macron sur MaPrimeRenov\u2019, Lombard fixe une date de retour du dispositif"},"content":{"rendered":"<p>        <img decoding=\"async\" loading=\"lazy\" src=\"https:\/\/www.europesays.com\/fr\/wp-content\/uploads\/2025\/06\/d4e7ed5_1734996669987-000-36re24h.jpg\"  width=\"728\" height=\"409\" alt=\"\u00c9ric Lombard, ministre de l\u2019\u00c9conomie et des Finances, photographi\u00e9 le 23\u00a0d\u00e9cembre \u00e0 Bercy (illustration)\"\/>  <\/p>\n<p>JULIEN DE ROSA \/ AFP<\/p>\n<p>\u00c9ric Lombard, ministre de l\u2019\u00c9conomie et des Finances, photographi\u00e9 le 23\u00a0d\u00e9cembre \u00e0 Bercy (illustration)<\/p>\n<p class=\"asset asset-text\">POLITIQUE &#8211; Fin de l\u2019incertitude. Le ministre de l\u2019\u00c9conomie <a href=\"https:\/\/www.huffingtonpost.fr\/politique\/article\/sur-le-budget-l-appel-du-pied-d-eric-lombard-a-la-gauche-pour-un-accord-de-non-censure-du-gouvernement_244414.html\" rel=\"nofollow noopener\" target=\"_blank\">\u00c9ric Lombard <\/a>a annonc\u00e9 ce dimanche 8\u00a0juin au micro de France Inter que le dispositif d\u2019aide \u00e0 la transition \u00e9nerg\u00e9tique <a href=\"https:\/\/www.huffingtonpost.fr\/france\/article\/le-dispositif-maprimerenov-en-sursis-a-cause-d-un-manque-de-budget_250874.html\" rel=\"nofollow noopener\" target=\"_blank\">MaPrimeRenov\u2019 <\/a>sera de retour en septembre, r\u00e9pondant ainsi indirectement \u00e0 <a href=\"https:\/\/www.huffingtonpost.fr\/politique\/article\/maprimrenov-suspendue-macron-fustige-le-detricotage-de-sa-politique-climatique_251073.html\" rel=\"nofollow noopener\" target=\"_blank\">la mise au point d\u2019Emmanuel Macron<\/a> sur le sujet.<\/p>\n<p class=\"asset asset-text\">\u00ab\u00a0Le guichet r\u00e9ouvrira au plus tard \u00e0 la fin du mois de septembre\u00a0\u00bb, a d\u00e9clar\u00e9 \u00c9ric Lombard, vantant \u00ab\u00a0un excellent dispositif\u00a0\u00bb.<\/p>\n<p class=\"asset asset-text\">En d\u00e9but de semaine, le gouvernement a annonc\u00e9 la fermeture \u00ab\u00a0d\u2019ici le 1er\u00a0juillet\u00a0\u00bb du guichet de d\u00e9p\u00f4t des dossiers de demande d\u2019aide MaPrimeRenov\u2019 pour les r\u00e9novations \u00e9nerg\u00e9tiques globales et les travaux d\u2019isolation et de remplacement de chaudi\u00e8re ponctuels.<\/p>\n<p> La lecture de ce contenu est susceptible d\u2019entra\u00eener un d\u00e9p\u00f4t de cookies de la part de l\u2019op\u00e9rateur tiers qui l\u2019h\u00e9berge. Compte-tenu des choix que vous avez exprim\u00e9s en mati\u00e8re de d\u00e9p\u00f4t de cookies, nous avons bloqu\u00e9 l\u2019affichage de ce contenu. Si vous souhaitez y acc\u00e9der, vous devez accepter la cat\u00e9gorie de cookies \u201cContenus tiers\u201d en cliquant sur le bouton ci-dessous. <\/p>\n<p> Lire la Vid\u00e9o            \u00ab\u00a0C\u2019est un dispositif qui s\u2019est emball\u00e9\u00a0\u00bb    <\/p>\n<p class=\"asset asset-text\">Samedi 7\u00a0juin, le pr\u00e9sident de la R\u00e9publique s\u2019est montr\u00e9 particuli\u00e8rement critique quant \u00e0 ces annonces. \u00ab\u00a0J\u2019attends des acteurs et du gouvernement qu\u2019on maintienne cette politique, je ne suis pas content de ce que j\u2019ai pu voir ces derniers jours\u00a0\u00bb, a d\u00e9clar\u00e9 le chef de l\u2019\u00c9tat dans une interview accord\u00e9e \u00e0 la presse quotidienne r\u00e9gionale. \u00ab\u00a0Ce n\u2019est pas le moment de cr\u00e9er des incertitudes sur les dispositifs mis en place\u00a0\u00bb, a-t-il insist\u00e9.<\/p>\n<p class=\"asset asset-text\">\u00ab\u00a0Le pr\u00e9sident de la R\u00e9publique a raison\u00a0\u00bb, a estim\u00e9 \u00c9ric Lombard ce dimanche. \u00ab\u00a0C\u2019est un dispositif qui s\u2019est emball\u00e9 (&#8230;). Il y a eu une multiplication des demandes et une multiplication des fraudes, ce qui fait que les services sont tr\u00e8s engorg\u00e9s. Il faut aussi penser aux agents qui g\u00e8rent cela\u00a0\u00bb, a expliqu\u00e9 le ministre, selon qui \u00ab\u00a0un dossier sur dix est un dossier frauduleux\u00a0\u00bb. \u00ab\u00a0La suspension va nous permettre de remettre de l\u2019ordre\u00a0\u00bb, a-t-il ajout\u00e9 tout en assurant qu\u2019il n\u2019y a \u00ab\u00a0pas d\u2019arri\u00e8re-pens\u00e9e budg\u00e9taire\u00a0\u00bb.<\/p>\n","protected":false},"excerpt":{"rendered":"JULIEN DE ROSA \/ AFP \u00c9ric Lombard, ministre de l\u2019\u00c9conomie et des Finances, photographi\u00e9 le 23\u00a0d\u00e9cembre \u00e0 Bercy&hellip;\n","protected":false},"author":2,"featured_media":161329,"comment_status":"","ping_status":"","sticky":false,"template":"","format":"standard","meta":{"footnotes":""},"categories":[2],"tags":[11,33,4427,436,1011,27,12,316,25],"class_list":{"0":"post-161328","1":"post","2":"type-post","3":"status-publish","4":"format-standard","5":"has-post-thumbnail","7":"category-actualites","8":"tag-actualites","9":"tag-economie","10":"tag-energies","11":"tag-environnement","12":"tag-fr","13":"tag-france","14":"tag-news","15":"tag-politique","16":"tag-republique-francaise"},"share_on_mastodon":{"url":"https:\/\/pubeurope.com\/@fr\/114648774389747958","error":""},"_links":{"self":[{"href":"https:\/\/www.europesays.com\/fr\/wp-json\/wp\/v2\/posts\/161328","targetHints":{"allow":["GET"]}}],"collection":[{"href":"https:\/\/www.europesays.com\/fr\/wp-json\/wp\/v2\/posts"}],"about":[{"href":"https:\/\/www.europesays.com\/fr\/wp-json\/wp\/v2\/types\/post"}],"author":[{"embeddable":true,"href":"https:\/\/www.europesays.com\/fr\/wp-json\/wp\/v2\/users\/2"}],"replies":[{"embeddable":true,"href":"https:\/\/www.europesays.com\/fr\/wp-json\/wp\/v2\/comments?post=161328"}],"version-history":[{"count":0,"href":"https:\/\/www.europesays.com\/fr\/wp-json\/wp\/v2\/posts\/161328\/revisions"}],"wp:featuredmedia":[{"embeddable":true,"href":"https:\/\/www.europesays.com\/fr\/wp-json\/wp\/v2\/media\/161329"}],"wp:attachment":[{"href":"https:\/\/www.europesays.com\/fr\/wp-json\/wp\/v2\/media?parent=161328"}],"wp:term":[{"taxonomy":"category","embeddable":true,"href":"https:\/\/www.europesays.com\/fr\/wp-json\/wp\/v2\/categories?post=161328"},{"taxonomy":"post_tag","embeddable":true,"href":"https:\/\/www.europesays.com\/fr\/wp-json\/wp\/v2\/tags?post=161328"}],"curies":[{"name":"wp","href":"https:\/\/api.w.org\/{rel}","templated":true}]}}