{"id":161330,"date":"2025-06-08T16:50:27","date_gmt":"2025-06-08T16:50:27","guid":{"rendered":"https:\/\/www.europesays.com\/fr\/161330\/"},"modified":"2025-06-08T16:50:27","modified_gmt":"2025-06-08T16:50:27","slug":"allemagne-france-0-2-a-stuttgart-les-rookies-bleus-ont-plutot-reussi-leur-bapteme-du-feu","status":"publish","type":"post","link":"https:\/\/www.europesays.com\/fr\/161330\/","title":{"rendered":"Allemagne &#8211; France (0-2)\u00a0: \u00e0 Stuttgart, les rookies Bleus ont plut\u00f4t r\u00e9ussi leur bapt\u00eame du feu"},"content":{"rendered":"<p class=\"paragraph text_align_left\">Ils \u00e9taient trois ce dimanche \u00e0 \u00e9lever cette petite finale de Ligue des nations au rang d\u2019\u00e9v\u00e9nement pas comme les autres. Inoubliable m\u00eame, en tout cas \u00e0 jamais grav\u00e9 dans leurs m\u00e9moires, puisque pour la premi\u00e8re fois de leur carri\u00e8re, les d\u00e9fenseurs Lo\u00efc Bad\u00e9 (25 ans) et Malo Gusto (22 ans) ainsi que le meneur de jeu <a href=\"https:\/\/www.leparisien.fr\/sports\/football\/equipe-de-france\/espagne-france-5-4-cherki-fait-partie-du-futur-de-lequipe-de-france-loeil-dolivier-dalloglio-06-06-2025-KDSDDMKGYJCQFIMFLUQ5JDBO4M.php\" target=\"_self\" rel=\"noopener\">Rayan Cherki<\/a> (21 ans) c\u00e9l\u00e9braient, sur la pelouse de la Mercedes-Benz Arena de Stuttgart leur premi\u00e8re titularisation <a href=\"https:\/\/www.leparisien.fr\/sports\/football\/equipe-de-france\/\" target=\"_self\" rel=\"noopener\">en \u00e9quipe de France A<\/a>. Une r\u00e9ussite, <a href=\"https:\/\/www.leparisien.fr\/sports\/football\/equipe-de-france\/allemagne-france-0-2-maignan-brille-mbappe-marque-et-la-france-arrache-la-troisieme-place-en-ligue-des-nations-08-06-2025-G7FGGXFLVJALPIL6CX3Z4MG2KM.php\" target=\"_self\" rel=\"noopener\">dans l\u2019ensemble, pour ce trio qui a gagn\u00e9 le match (2-0)<\/a> et le droit de revenir en prochaine semaine internationale.<\/p>\n","protected":false},"excerpt":{"rendered":"Ils \u00e9taient trois ce dimanche \u00e0 \u00e9lever cette petite finale de Ligue des nations au rang d\u2019\u00e9v\u00e9nement pas&hellip;\n","protected":false},"author":2,"featured_media":161331,"comment_status":"","ping_status":"","sticky":false,"template":"","format":"standard","meta":{"footnotes":""},"categories":[4],"tags":[11,27345,63,1011,27,12,25,60],"class_list":{"0":"post-161330","1":"post","2":"type-post","3":"status-publish","4":"format-standard","5":"has-post-thumbnail","7":"category-france","8":"tag-actualites","9":"tag-equipe_france_foot","10":"tag-football","11":"tag-fr","12":"tag-france","13":"tag-news","14":"tag-republique-francaise","15":"tag-sports"},"share_on_mastodon":{"url":"https:\/\/pubeurope.com\/@fr\/114648778234240795","error":""},"_links":{"self":[{"href":"https:\/\/www.europesays.com\/fr\/wp-json\/wp\/v2\/posts\/161330","targetHints":{"allow":["GET"]}}],"collection":[{"href":"https:\/\/www.europesays.com\/fr\/wp-json\/wp\/v2\/posts"}],"about":[{"href":"https:\/\/www.europesays.com\/fr\/wp-json\/wp\/v2\/types\/post"}],"author":[{"embeddable":true,"href":"https:\/\/www.europesays.com\/fr\/wp-json\/wp\/v2\/users\/2"}],"replies":[{"embeddable":true,"href":"https:\/\/www.europesays.com\/fr\/wp-json\/wp\/v2\/comments?post=161330"}],"version-history":[{"count":0,"href":"https:\/\/www.europesays.com\/fr\/wp-json\/wp\/v2\/posts\/161330\/revisions"}],"wp:featuredmedia":[{"embeddable":true,"href":"https:\/\/www.europesays.com\/fr\/wp-json\/wp\/v2\/media\/161331"}],"wp:attachment":[{"href":"https:\/\/www.europesays.com\/fr\/wp-json\/wp\/v2\/media?parent=161330"}],"wp:term":[{"taxonomy":"category","embeddable":true,"href":"https:\/\/www.europesays.com\/fr\/wp-json\/wp\/v2\/categories?post=161330"},{"taxonomy":"post_tag","embeddable":true,"href":"https:\/\/www.europesays.com\/fr\/wp-json\/wp\/v2\/tags?post=161330"}],"curies":[{"name":"wp","href":"https:\/\/api.w.org\/{rel}","templated":true}]}}