{"id":161345,"date":"2025-06-08T17:01:10","date_gmt":"2025-06-08T17:01:10","guid":{"rendered":"https:\/\/www.europesays.com\/fr\/161345\/"},"modified":"2025-06-08T17:01:10","modified_gmt":"2025-06-08T17:01:10","slug":"le-desespoir-marbre-dauguste-rodin-vendu-860-000-euros-aux-encheres-a-villandry","status":"publish","type":"post","link":"https:\/\/www.europesays.com\/fr\/161345\/","title":{"rendered":"Le D\u00e9sespoir, marbre d\u2019Auguste Rodin, vendu 860.000 euros aux ench\u00e8res \u00e0 Villandry"},"content":{"rendered":"<p>L\u2019ench\u00e8re a tenu toutes ses promesses. Le marbre d\u2019Auguste Rodin <a target=\"_self\" href=\"https:\/\/www.lanouvellerepublique.fr\/indre-et-loire\/commune\/villandry\/indre-et-loire-un-rodin-star-de-la-garden-party-de-villandry-1749067480\" rel=\"noopener\">mis aux ench\u00e8res<\/a> par la Maison Rouillac, ce dimanche 8\u00a0juin 2025, sous l\u2019orangerie du ch\u00e2teau de Villandry a \u00e9t\u00e9 vendu 860.000\u00a0\u20ac, d\u00e9passant all\u00e8grement son estimation de 700.000 \u20ac.<\/p>\n<p>Haut de 28,5\u00a0cm, large de 15\u00a0cm, figurant une femme repli\u00e9e sur elle-m\u00eame, se tenant le pied, Le D\u00e9sespoir est rest\u00e9 dans l\u2019ombre pendant plus d\u2019un si\u00e8cle. La sculpture a \u00e9t\u00e9 red\u00e9couverte par Aymeric Rouillac en 2024, dans une demeure des environs de Vierzon, dans le Cher. Consid\u00e9r\u00e9e par la famille comme une (tr\u00e8s bonne) copie, elle tr\u00f4nait sur un piano droit au milieu de photos de famille. Apr\u00e8s des recherches men\u00e9es par le commissaire-priseur, elle a \u00e9t\u00e9 authentifi\u00e9e par le comit\u00e9 Rodin.<\/p>\n<p>Une figure de la \u00ab\u00a0porte de l\u2019enfer\u00a0\u00bb<\/p>\n<p>Cette figure du d\u00e9sespoir a \u00e9t\u00e9 sculpt\u00e9e par Rodin dans le cadre d\u2019un projet de Porte de l\u2019enfer, une porte monumentale en bronze, command\u00e9e en 1880 par l\u2019\u00c9tat pour le futur mus\u00e9e des Arts d\u00e9coratifs\u00a0et qui n\u2019a jamais vu le jour.\u00a0Le D\u00e9sespoir r\u00e9apparu ce dimanche \u00e0 Villandry\u00a0aurait \u00e9t\u00e9 sculpt\u00e9 par Rodin vers 1892-1893.<\/p>\n<\/p>\n<p>La mise en vente de ce marbre sign\u00e9 d\u2019Auguste Rodin \u00e9tait un \u00e9v\u00e9nement dans le milieu des ench\u00e8res\u00a0: c\u2019\u00e9tait la dixi\u00e8me sculpture \u00e0 appara\u00eetre sur le march\u00e9 mondial ces dix derni\u00e8res ann\u00e9es.<\/p>\n","protected":false},"excerpt":{"rendered":"L\u2019ench\u00e8re a tenu toutes ses promesses. Le marbre d\u2019Auguste Rodin mis aux ench\u00e8res par la Maison Rouillac, ce&hellip;\n","protected":false},"author":2,"featured_media":161346,"comment_status":"","ping_status":"","sticky":false,"template":"","format":"standard","meta":{"footnotes":""},"categories":[1358],"tags":[328,1392,1348,1384,1385,1386,58,59,1011,27,329,1387,1393,20898,29310],"class_list":{"0":"post-161345","1":"post","2":"type-post","3":"status-publish","4":"format-standard","5":"has-post-thumbnail","7":"category-arts-et-design","8":"tag-a-la-une","9":"tag-a-la-une-local","10":"tag-arts","11":"tag-arts-and-design","12":"tag-arts-et-design","13":"tag-design","14":"tag-divertissement","15":"tag-entertainment","16":"tag-fr","17":"tag-france","18":"tag-france-monde","19":"tag-indre-et-loire","20":"tag-loisirs","21":"tag-ventes-aux-encheres","22":"tag-villandry"},"share_on_mastodon":{"url":"https:\/\/pubeurope.com\/@fr\/114648821507813714","error":""},"_links":{"self":[{"href":"https:\/\/www.europesays.com\/fr\/wp-json\/wp\/v2\/posts\/161345","targetHints":{"allow":["GET"]}}],"collection":[{"href":"https:\/\/www.europesays.com\/fr\/wp-json\/wp\/v2\/posts"}],"about":[{"href":"https:\/\/www.europesays.com\/fr\/wp-json\/wp\/v2\/types\/post"}],"author":[{"embeddable":true,"href":"https:\/\/www.europesays.com\/fr\/wp-json\/wp\/v2\/users\/2"}],"replies":[{"embeddable":true,"href":"https:\/\/www.europesays.com\/fr\/wp-json\/wp\/v2\/comments?post=161345"}],"version-history":[{"count":0,"href":"https:\/\/www.europesays.com\/fr\/wp-json\/wp\/v2\/posts\/161345\/revisions"}],"wp:featuredmedia":[{"embeddable":true,"href":"https:\/\/www.europesays.com\/fr\/wp-json\/wp\/v2\/media\/161346"}],"wp:attachment":[{"href":"https:\/\/www.europesays.com\/fr\/wp-json\/wp\/v2\/media?parent=161345"}],"wp:term":[{"taxonomy":"category","embeddable":true,"href":"https:\/\/www.europesays.com\/fr\/wp-json\/wp\/v2\/categories?post=161345"},{"taxonomy":"post_tag","embeddable":true,"href":"https:\/\/www.europesays.com\/fr\/wp-json\/wp\/v2\/tags?post=161345"}],"curies":[{"name":"wp","href":"https:\/\/api.w.org\/{rel}","templated":true}]}}