{"id":161347,"date":"2025-06-08T17:02:11","date_gmt":"2025-06-08T17:02:11","guid":{"rendered":"https:\/\/www.europesays.com\/fr\/161347\/"},"modified":"2025-06-08T17:02:11","modified_gmt":"2025-06-08T17:02:11","slug":"turin-italie-exposition-de-rares-livres-anciens-au-palais-madame","status":"publish","type":"post","link":"https:\/\/www.europesays.com\/fr\/161347\/","title":{"rendered":"Turin (Italie). Exposition de rares livres anciens au Palais Madame"},"content":{"rendered":"<p>Une exposition temporaire pr\u00e9sente, au Palais Madame, 50 manuscrits et codex enlumin\u00e9s, pr\u00e9sent\u00e9s en sections chronologiques. La premi\u00e8re est consacr\u00e9e aux XIIe\u00a0 et XIIIe\u00a0 \u00a0\u00a0si\u00e8cles, avec notamment le codex des cha\u00eenes (photo), qui r\u00e9gissait la vie citadine et les rapports de la commune de Turin avec les comtes de Savoie. La partie d\u00e9di\u00e9e au XVIe\u00a0 \u00a0\u00a0si\u00e8cle concerne la France, avec les Tr\u00e8s belles heures de Notre-Dame de Jean de Berry, comprenant des miniatures de Van Eyck. On trouvera encore le Livre d\u2019heures d\u2019Antoine de Lonhy, peintre qui fut actif en Savoie, en vall\u00e9e de Suse et \u00e0 Turin\u00a0; et, dans la partie consacr\u00e9e \u00e0 la Renaissance, le rare Livre d\u2019heures d\u2019Antoine Verard.<\/p>\n<p class=\"note\">Exposition. Cour m\u00e9di\u00e9vale du Palais Madame \u00e0 Turin, du mercredi au lundi de 10 \u00e0 18 heures, jusqu\u2019au 8\u00a0septembre.<\/p>\n","protected":false},"excerpt":{"rendered":"Une exposition temporaire pr\u00e9sente, au Palais Madame, 50 manuscrits et codex enlumin\u00e9s, pr\u00e9sent\u00e9s en sections chronologiques. La premi\u00e8re&hellip;\n","protected":false},"author":2,"featured_media":161348,"comment_status":"","ping_status":"","sticky":false,"template":"","format":"standard","meta":{"footnotes":""},"categories":[1357],"tags":[1379,1687,58,7003,59,2271,1011,27,937,1380,17015,25691,104],"class_list":{"0":"post-161347","1":"post","2":"type-post","3":"status-publish","4":"format-standard","5":"has-post-thumbnail","7":"category-livres","8":"tag-books","9":"tag-culture-loisirs","10":"tag-divertissement","11":"tag-edition-tarentaise-maurienne","12":"tag-entertainment","13":"tag-exposition-arts-plastiques","14":"tag-fr","15":"tag-france","16":"tag-histoire","17":"tag-livres","18":"tag-saint-jean-de-maurienne","19":"tag-saint-jean-de-maurienne-bassin","20":"tag-societe"},"share_on_mastodon":{"url":"https:\/\/pubeurope.com\/@fr\/114648825526048991","error":""},"_links":{"self":[{"href":"https:\/\/www.europesays.com\/fr\/wp-json\/wp\/v2\/posts\/161347","targetHints":{"allow":["GET"]}}],"collection":[{"href":"https:\/\/www.europesays.com\/fr\/wp-json\/wp\/v2\/posts"}],"about":[{"href":"https:\/\/www.europesays.com\/fr\/wp-json\/wp\/v2\/types\/post"}],"author":[{"embeddable":true,"href":"https:\/\/www.europesays.com\/fr\/wp-json\/wp\/v2\/users\/2"}],"replies":[{"embeddable":true,"href":"https:\/\/www.europesays.com\/fr\/wp-json\/wp\/v2\/comments?post=161347"}],"version-history":[{"count":0,"href":"https:\/\/www.europesays.com\/fr\/wp-json\/wp\/v2\/posts\/161347\/revisions"}],"wp:featuredmedia":[{"embeddable":true,"href":"https:\/\/www.europesays.com\/fr\/wp-json\/wp\/v2\/media\/161348"}],"wp:attachment":[{"href":"https:\/\/www.europesays.com\/fr\/wp-json\/wp\/v2\/media?parent=161347"}],"wp:term":[{"taxonomy":"category","embeddable":true,"href":"https:\/\/www.europesays.com\/fr\/wp-json\/wp\/v2\/categories?post=161347"},{"taxonomy":"post_tag","embeddable":true,"href":"https:\/\/www.europesays.com\/fr\/wp-json\/wp\/v2\/tags?post=161347"}],"curies":[{"name":"wp","href":"https:\/\/api.w.org\/{rel}","templated":true}]}}