{"id":161351,"date":"2025-06-08T17:04:12","date_gmt":"2025-06-08T17:04:12","guid":{"rendered":"https:\/\/www.europesays.com\/fr\/161351\/"},"modified":"2025-06-08T17:04:12","modified_gmt":"2025-06-08T17:04:12","slug":"joe-dassin-son-fils-jonathan-sans-filtre-sur-ses-grosses-rentrees-dargent-je-touche","status":"publish","type":"post","link":"https:\/\/www.europesays.com\/fr\/161351\/","title":{"rendered":"Joe Dassin : son fils Jonathan sans filtre sur ses grosses rentr\u00e9es d\u2019argent, \u201cje touche\u2026\u201d"},"content":{"rendered":"<p>Pour c\u00e9l\u00e9brer les 50 ans de la sortie de L\u2019\u00c9t\u00e9 indien<br \/>\nle 6 juin 1975, Jonathan Dassin, fils a\u00een\u00e9 de Joe Dassin, s\u2019est<br \/>\nconfi\u00e9 au Figaro. \u00ab\u00a0Cette ann\u00e9e-l\u00e0, papa a vendu 800 000<br \/>\n45-tours en France et <strong>2 millions<\/strong> dans le<br \/>\nmonde\u00a0\u00bb, a-t-il r\u00e9v\u00e9l\u00e9.<\/p>\n<p>L\u2019h\u00e9ritage musical du chanteur perdure gr\u00e2ce \u00e0 ses deux enfants,<br \/>\nqui continuent chacun \u00e0 leur mani\u00e8re de faire vivre les classiques<br \/>\nde leur p\u00e8re sur sc\u00e8ne. \u00ab\u00a0Je me suis pris au jeu sur le tard. Il<br \/>\na fallu que j\u2019accepte ma voix, que j\u2019exp\u00e9rimente la sc\u00e8ne\u00a0\u00bb, a<br \/>\nexpliqu\u00e9 celui qui avait auparavant jou\u00e9 de la trompette et chant\u00e9<br \/>\ndans un groupe de musique africaine.<\/p>\n<p>L&rsquo;h\u00e9ritage de Joe Dassin aurait pu \u00eatre vraiment colossal<\/p>\n<p>Avec un tel h\u00e9ritage, on pourrait imaginer que Jonathan Dassin<br \/>\nm\u00e8ne une vie confortable. Pourtant, la r\u00e9alit\u00e9 est tout autre. Le<br \/>\ndomaine familial de Feucherolles \u00ab\u00a0<strong>a \u00e9t\u00e9 mal<br \/>\nvendu<\/strong>\u00ab\u00a0, tandis que la villa de Palm Springs en<br \/>\nCalifornie \u00ab\u00a0a \u00e9chapp\u00e9 aux fils \u00e0 cause de probl\u00e8mes li\u00e9s aux<br \/>\ncr\u00e9dits\u00a0\u00bb. Mais ce n\u2019est pas tout : Christine Delvaux, m\u00e8re de<br \/>\nJonathan et Julien et ex-\u00e9pouse de Joe Dassin, a <strong>c\u00e9d\u00e9 le<br \/>\ncatalogue des droits d\u2019\u00e9dition du chanteur<\/strong>, qui<br \/>\nappartenait aux enfants, pour une somme d\u00e9risoire.<\/p>\n<p>\u00c0 l\u2019\u00e9poque, elle ne pouvait pas anticiper l\u2019essor des<br \/>\nplateformes de streaming. Aujourd\u2019hui, Joe Dassin compte tout de<br \/>\nm\u00eame 3 millions d\u2019auditeurs sur Spotify. \u00ab\u00a0Ce tr\u00e9sor est<br \/>\nd\u00e9sormais la propri\u00e9t\u00e9 de G\u00e9rard Davoust, \u00e9diteur des ayants droit<br \/>\nde Charles Trenet et des enfants de Charles Aznavour. Les droits<br \/>\nd\u2019auteur des tubes lui passent presque aussi sous le nez\u00a0\u00bb,<br \/>\nexpliquent nos confr\u00e8res.<\/p>\n<p>Ce que gagne Jonathan Dassin gr\u00e2ce \u00e0<br \/>\nson p\u00e8re r\u00e9v\u00e9l\u00e9<\/p>\n<p>Joe Dassin reste ancr\u00e9 dans les m\u00e9moires, ses chansons<br \/>\ncontinuant de r\u00e9sonner aux quatre coins du globe. \u00ab\u00a0On entend sa<br \/>\nmusique partout. Dans les yeux d\u2019\u00c9milie r\u00e9sonne de fin mai \u00e0<br \/>\nseptembre dans les f\u00e9rias, L\u2019\u00e9t\u00e9 Indien cartonne chaque \u00e9t\u00e9 et \u00e0<br \/>\nl\u2019automne, \u2018Les Champs-\u00c9lys\u00e9es\u2019 accompagnent les illuminations de<br \/>\nNo\u00ebl sur l\u2019avenue. Sur la Croisette, les festivaliers ont pu<br \/>\nentendre \u2018Siffler sur la colline\u2019 dans Dossier 137. Ses tubes<br \/>\naccompagnent aussi des s\u00e9ries comme Grizelda (Netflix) et La Fi\u00e8vre<br \/>\n(Canal+)\u00a0\u00bb.<\/p>\n<p>Ce succ\u00e8s durable g\u00e9n\u00e8re des royalties confortables pour ses<br \/>\nfils. Jonathan Dassin a choisi d\u2019en parler ouvertement : \u00ab\u00a0Je<br \/>\ntouche entre <strong>3 500 \u00e0 7 000 euros<\/strong> de royalties par<br \/>\nmois\u00a0\u00bb. \u00c0 ses 18 ans, il avait d\u00e9j\u00e0 re\u00e7u une partie de son<br \/>\nh\u00e9ritage : \u00ab\u00a0\u00c0 ma majorit\u00e9, j\u2019ai touch\u00e9 <strong>1,6 million<br \/>\nd\u2019euros<\/strong> investis dans l\u2019immobilier, des costumes et<br \/>\ncolliers de coquillage de Joe, ses vinyles et son passeport\u00a0\u00bb,<br \/>\nconfie-t-il au Figaro. Une belle s\u00e9curit\u00e9 financi\u00e8re pour<br \/>\nl\u2019avenir.<\/p>\n","protected":false},"excerpt":{"rendered":"Pour c\u00e9l\u00e9brer les 50 ans de la sortie de L\u2019\u00c9t\u00e9 indien le 6 juin 1975, Jonathan Dassin, fils&hellip;\n","protected":false},"author":2,"featured_media":161352,"comment_status":"","ping_status":"","sticky":false,"template":"","format":"standard","meta":{"footnotes":""},"categories":[1355],"tags":[548,58,59,1011,27,23574,1361,873],"class_list":{"0":"post-161351","1":"post","2":"type-post","3":"status-publish","4":"format-standard","5":"has-post-thumbnail","7":"category-musique","8":"tag-article-simple","9":"tag-divertissement","10":"tag-entertainment","11":"tag-fr","12":"tag-france","13":"tag-joe-dassin","14":"tag-music","15":"tag-musique"},"share_on_mastodon":{"url":"https:\/\/pubeurope.com\/@fr\/114648833282943232","error":""},"_links":{"self":[{"href":"https:\/\/www.europesays.com\/fr\/wp-json\/wp\/v2\/posts\/161351","targetHints":{"allow":["GET"]}}],"collection":[{"href":"https:\/\/www.europesays.com\/fr\/wp-json\/wp\/v2\/posts"}],"about":[{"href":"https:\/\/www.europesays.com\/fr\/wp-json\/wp\/v2\/types\/post"}],"author":[{"embeddable":true,"href":"https:\/\/www.europesays.com\/fr\/wp-json\/wp\/v2\/users\/2"}],"replies":[{"embeddable":true,"href":"https:\/\/www.europesays.com\/fr\/wp-json\/wp\/v2\/comments?post=161351"}],"version-history":[{"count":0,"href":"https:\/\/www.europesays.com\/fr\/wp-json\/wp\/v2\/posts\/161351\/revisions"}],"wp:featuredmedia":[{"embeddable":true,"href":"https:\/\/www.europesays.com\/fr\/wp-json\/wp\/v2\/media\/161352"}],"wp:attachment":[{"href":"https:\/\/www.europesays.com\/fr\/wp-json\/wp\/v2\/media?parent=161351"}],"wp:term":[{"taxonomy":"category","embeddable":true,"href":"https:\/\/www.europesays.com\/fr\/wp-json\/wp\/v2\/categories?post=161351"},{"taxonomy":"post_tag","embeddable":true,"href":"https:\/\/www.europesays.com\/fr\/wp-json\/wp\/v2\/tags?post=161351"}],"curies":[{"name":"wp","href":"https:\/\/api.w.org\/{rel}","templated":true}]}}