{"id":161359,"date":"2025-06-08T17:08:09","date_gmt":"2025-06-08T17:08:09","guid":{"rendered":"https:\/\/www.europesays.com\/fr\/161359\/"},"modified":"2025-06-08T17:08:09","modified_gmt":"2025-06-08T17:08:09","slug":"comment-meghan-markle-et-le-prince-harry-ont-ils-vraiment-reussi-a-cacher-leur-identite-a-disneyland","status":"publish","type":"post","link":"https:\/\/www.europesays.com\/fr\/161359\/","title":{"rendered":"Comment Meghan Markle et le prince Harry ont-ils (vraiment) r\u00e9ussi \u00e0 cacher leur identit\u00e9 \u00e0 Disneyland ?"},"content":{"rendered":"<p>Des fans se sont demand\u00e9 comment Meghan Markle et le prince Harry avaient pu passer incognitos dans l\u2019un des lieux les plus fr\u00e9quent\u00e9s au monde.<\/p>\n<p class=\"fig-paragraph\">Une famille lambda, pourrait-on croire. Le vendredi 6 juin,\u00a0<a href=\"http:\/\/madame.lefigaro.fr\/celebrites\/actu-people\/en-video-la-parenthese-enchantee-de-meghan-markle-du-prince-harry-et-de-leurs-enfants-a-disneyland-20250607\" data-fig-type=\"Article\" data-gtm-custom-categorie=\"navigation\" data-gtm-custom-action=\"crossclick\" data-gtm-custom-label=\"Contextuel\" data-gtm-event=\"customEventSPE\" data-fig-domain=\"MADAME\" target=\"_blank\" rel=\"noopener\">Meghan Markle<\/a>, le prince Harry et leurs deux enfants, Archie et la petite Lilibet, ont c\u00e9l\u00e9br\u00e9 les 4 ans de cette derni\u00e8re dans le plus f\u00e9\u00e9rique des endroits\u00a0: Disneyland. Pas de cort\u00e8ge officiel, pas un garde du corps en vue, ni de paparazzis embusqu\u00e9s \u2014 juste une vir\u00e9e familiale \u00ab\u00a0en toute simplicit\u00e9\u00a0\u00bb, comme en t\u00e9moigne une s\u00e9rie de clich\u00e9s post\u00e9s par la duchesse de Sussex sur Instagram. Mais alors, comment le couple le plus scrut\u00e9 de la plan\u00e8te a-t-il pu passer totalement sous les radars dans l\u2019un des parcs d\u2019attractions les plus fr\u00e9quent\u00e9s du monde\u00a0?<\/p>\n<p class=\"fig-body-link&#10;    \">\n            \u00c0 lire aussi<br \/>\n        <a class=\"fig-body-link__link\" href=\"http:\/\/madame.lefigaro.fr\/celebrites\/actu-people\/en-video-la-parenthese-enchantee-de-meghan-markle-du-prince-harry-et-de-leurs-enfants-a-disneyland-20250607\" data-fig-type=\"Article\" data-gtm-custom-categorie=\"navigation\" data-gtm-custom-action=\"crossclick\" data-gtm-custom-label=\"Contextuel\" data-gtm-event=\"customEventSPE\" data-fig-domain=\"MADAME\" target=\"_blank\" rel=\"noopener\">En vid\u00e9o, la parenth\u00e8se enchant\u00e9e de Meghan Markle, du prince Harry et de leurs enfants \u00e0 Disneyland<\/a>\n<\/p>\n<p class=\"fig-paragraph\">La r\u00e9ponse, \u00e0 en croire certains m\u00e9dias britanniques comme le\u00a0<a href=\"https:\/\/www.express.co.uk\/news\/royal\/2065833\/meghan-markle-prince-harry-hiding-identities-disneyland\" target=\"_blank\" rel=\"nofollow noopener\" data-gtm-custom-categorie=\"navigation\" data-gtm-custom-action=\"crossclick\" data-gtm-custom-label=\"Contextuel\" data-gtm-event=\"customEventSPE\">Daily Express<\/a>, tiendrait \u00e0 une astuce aussi adorable que bancale\u00a0: pour prot\u00e9ger leur anonymat, les enfants portaient des casquettes Mickey et Minnie assorties \u00e0 de grosses lunettes de soleil. Le parfait camouflage, para\u00eet-il. L\u2019image d\u2019un Harry courant entre les files du Space Mountain, m\u00e9connaissable gr\u00e2ce \u00e0 une visi\u00e8re \u00e0 oreilles, a de quoi faire sourire. Sur les vid\u00e9os post\u00e9es plus tard, les visages des enfants sont soigneusement masqu\u00e9s par des \u00e9mojis en forme de c\u0153ur. Une pr\u00e9caution bien rod\u00e9e.<\/p>\n<p class=\"fig-paragraph\">Pour autant, si le d\u00e9guisement est mignon, il semblerait que le couple ait pu compter sur autre chose que leur casquette pour tromper les visiteurs de l\u2019\u00e9tablissement. Selon Hello! Magazine, les Sussex auraient surtout profit\u00e9 d\u2019un service VIP propos\u00e9 par le parc. Un forfait haut de gamme donnant acc\u00e8s aux coulisses, aux entr\u00e9es r\u00e9serv\u00e9es aux employ\u00e9s, et \u00e0 un guide personnel pour \u00e9viter les files d\u2019attente.<\/p>\n<p class=\"fig-paragraph\">R\u00e9sultat\u00a0: un prince Harry, hilare, sur l\u2019attraction Buzz l\u2019\u00c9clair avec sa fille ; une Meghan Markle, rayonnante, marchant main dans la main avec Archie. Et de l\u00e9gender ainsi\u00a0: \u00abMerci @disneyland pour nous avoir offert deux jours de pur bonheur\u00bb.<\/p>\n","protected":false},"excerpt":{"rendered":"Des fans se sont demand\u00e9 comment Meghan Markle et le prince Harry avaient pu passer incognitos dans l\u2019un&hellip;\n","protected":false},"author":2,"featured_media":161360,"comment_status":"","ping_status":"","sticky":false,"template":"","format":"standard","meta":{"footnotes":""},"categories":[8],"tags":[976,972,58,59,638,1011,27,977,908,973,975,267,974],"class_list":{"0":"post-161359","1":"post","2":"type-post","3":"status-publish","4":"format-standard","5":"has-post-thumbnail","7":"category-divertissement","8":"tag-actu-people","9":"tag-celebrite","10":"tag-divertissement","11":"tag-entertainment","12":"tag-figaro","13":"tag-fr","14":"tag-france","15":"tag-madame","16":"tag-meghan-markle","17":"tag-people","18":"tag-potain-de-stars","19":"tag-prince-harry","20":"tag-star"},"share_on_mastodon":{"url":"https:\/\/pubeurope.com\/@fr\/114648849166205551","error":""},"_links":{"self":[{"href":"https:\/\/www.europesays.com\/fr\/wp-json\/wp\/v2\/posts\/161359","targetHints":{"allow":["GET"]}}],"collection":[{"href":"https:\/\/www.europesays.com\/fr\/wp-json\/wp\/v2\/posts"}],"about":[{"href":"https:\/\/www.europesays.com\/fr\/wp-json\/wp\/v2\/types\/post"}],"author":[{"embeddable":true,"href":"https:\/\/www.europesays.com\/fr\/wp-json\/wp\/v2\/users\/2"}],"replies":[{"embeddable":true,"href":"https:\/\/www.europesays.com\/fr\/wp-json\/wp\/v2\/comments?post=161359"}],"version-history":[{"count":0,"href":"https:\/\/www.europesays.com\/fr\/wp-json\/wp\/v2\/posts\/161359\/revisions"}],"wp:featuredmedia":[{"embeddable":true,"href":"https:\/\/www.europesays.com\/fr\/wp-json\/wp\/v2\/media\/161360"}],"wp:attachment":[{"href":"https:\/\/www.europesays.com\/fr\/wp-json\/wp\/v2\/media?parent=161359"}],"wp:term":[{"taxonomy":"category","embeddable":true,"href":"https:\/\/www.europesays.com\/fr\/wp-json\/wp\/v2\/categories?post=161359"},{"taxonomy":"post_tag","embeddable":true,"href":"https:\/\/www.europesays.com\/fr\/wp-json\/wp\/v2\/tags?post=161359"}],"curies":[{"name":"wp","href":"https:\/\/api.w.org\/{rel}","templated":true}]}}