{"id":161367,"date":"2025-06-08T17:12:09","date_gmt":"2025-06-08T17:12:09","guid":{"rendered":"https:\/\/www.europesays.com\/fr\/161367\/"},"modified":"2025-06-08T17:12:09","modified_gmt":"2025-06-08T17:12:09","slug":"non-monsieur-orban-vous-netes-pas-le-bienvenu-en-france","status":"publish","type":"post","link":"https:\/\/www.europesays.com\/fr\/161367\/","title":{"rendered":"\u00ab\u00a0Non, monsieur Orban, vous n\u2019\u00eates pas le bienvenu en France\u00a0\u00bb"},"content":{"rendered":"<p>        <img decoding=\"async\" loading=\"lazy\" src=\"https:\/\/www.europesays.com\/fr\/wp-content\/uploads\/2025\/06\/1cf5cb7_1731587403474-000-9ty28w.jpg\"  width=\"728\" height=\"410\" alt=\"Viktor Orban a \u00e9t\u00e9 invit\u00e9e par Marine Le Pen au rassemblement organis\u00e9 par le RN dans le Loiret ce lundi 9\u00a0juin.\"\/>  <\/p>\n<p>WOJTEK RADWANSKI \/ AFP<\/p>\n<p>Viktor Orban a \u00e9t\u00e9 invit\u00e9e par Marine Le Pen au rassemblement organis\u00e9 par le RN dans le Loiret ce lundi 9\u00a0juin.<\/p>\n<p class=\"asset asset-text\">TRIBUNE &#8211; Monsieur <a href=\"https:\/\/www.huffingtonpost.fr\/politique\/article\/apres-son-diner-avec-emmanuel-macron-le-pro-poutine-viktor-orban-n-a-pas-manque-de-saluer-marine-le-pen_247096.html\" target=\"_blank\" rel=\"noopener\">le Premier ministre de la Hongrie<\/a>, votre venue, ce lundi 9\u00a0juin dans le Loiret, n\u2019est pas une visite diplomatique\u00a0: c\u2019est une provocation politique.<\/p>\n<p class=\"asset asset-text\">Vous choisissez de fouler le sol de notre pays pendant le mois des fiert\u00e9s, alors que, dans le v\u00f4tre, les personnes LGBTI+ meurent <a href=\"https:\/\/www.huffingtonpost.fr\/international\/video\/en-hongrie-l-opposition-allume-des-fumigenes-au-parlement-contre-une-loi-anti-lgbt_247630.html\" target=\"_blank\" rel=\"noopener\">sous les coups de vos lois<\/a>, et que vous y avez interdit <a href=\"https:\/\/www.huffingtonpost.fr\/life\/article\/a-roubaix-la-premiere-marche-des-fiertes-s-organise-sans-parano-ni-roubaix-phobie_250931.html\" target=\"_blank\" rel=\"noopener\">les marches des fiert\u00e9s<\/a>. Vous choisissez de vous rendre en France pour y pr\u00eacher la haine de l\u2019autre et la division, en dehors de toute invitation officielle de la diplomatie fran\u00e7aise, mais \u00e0 l\u2019invitation d\u2019un parti politique se pr\u00e9tendant \u00ab\u00a0patriote\u00a0\u00bb.<\/p>\n<p class=\"asset asset-text\">C\u2019est une curieuse ironie que de nommer son parti europ\u00e9en \u00ab\u00a0Les Patriotes\u00a0\u00bb. Il n\u2019y a rien de patriotique \u00e0 <a href=\"https:\/\/www.huffingtonpost.fr\/international\/article\/roumanie-pologne-portugal-ces-elections-illustrent-le-virage-vers-l-extreme-droite-toujours-plus-inquietant-en-europe_250221.html\" target=\"_blank\" rel=\"noopener\">s\u2019ing\u00e9rer dans toutes les \u00e9lections europ\u00e9ennes<\/a> \u00e0 coups de millions d\u2019euros via votre ami personnel, L\u0151rinc M\u00e9sz\u00e1ros, premi\u00e8re fortune hongroise. La banque \u00ab\u00a0Magyar Bankholding\u00a0\u00bb (MBH), qu\u2019il dirige et qui est d\u00e9tenue \u00e0 30 % par l\u2019\u00c9tat hongrois, a accord\u00e9 un pr\u00eat de 9,2\u00a0millions d\u2019euros au parti espagnol Vox, ou encore un pr\u00eat de 10,6\u00a0millions d\u2019euros au Rassemblement national en 2022.<\/p>\n<p class=\"asset asset-text\">Doit-on consid\u00e9rer que l\u2019invitation en France par <a href=\"https:\/\/www.huffingtonpost.fr\/politique\/article\/viktor-orban-de-principal-allie-de-marine-le-pen-a-boulet-pour-le-rassemblement-national_247718.html\" target=\"_blank\" rel=\"noopener\">le Rassemblement national est celle de votre oblig\u00e9<\/a>\u00a0? Vous aviez pourtant fait de la lutte contre les ing\u00e9rences \u00e9trang\u00e8res de millionnaires, comme votre bouc \u00e9missaire pr\u00e9f\u00e9r\u00e9 George Soros, un symbole de votre nationalisme.<\/p>\n<p>                     Nous d\u00e9fendrons les valeurs antifascistes de la France    <\/p>\n<p class=\"asset asset-text\">Nous vous opposerons la solidarit\u00e9 et la mobilisation antifasciste et nous vous opposerons le show Drag de la Cooperative d\u2019Orl\u00e9ans\u00a0: je me rendrai ce lundi 9\u00a0juin, avec des artistes et des repr\u00e9sentants de toutes les forces syndicales et politiques de gauche, \u00e0 Montargis, \u00e0 quelques kilom\u00e8tres du terrain priv\u00e9 qui a bien voulu de vous, pour d\u00e9fendre <a href=\"https:\/\/www.huffingtonpost.fr\/justice\/article\/pourquoi-la-france-a-refuse-de-remettre-ce-militant-antifasciste-a-la-hongrie_248620.html\" target=\"_blank\" rel=\"noopener\">les valeurs antifascistes<\/a> de la France.<\/p>\n<p class=\"asset asset-text\">Non Monsieur Orban, vous n\u2019\u00eates pas le bienvenu \u00e0 Mormant-Sur-Vernisson. C\u2019est ici, dans le Loiret, qu\u2019\u00e0 la suite de la tentative de coup d\u2019\u00c9tat des ligues factieuses de l\u2019extr\u00eame droite, le 6\u00a0f\u00e9vrier\u00a01934, 77 comit\u00e9s antifascistes se sont constitu\u00e9s, avec un effectif tel que le d\u00e9partement fut l\u2019un des plus actifs dans la mobilisation antifasciste qui s\u2019est alors organis\u00e9e.<\/p>\n<p class=\"asset asset-text\">C\u2019est cela, la France\u00a0: la d\u00e9fense collective des valeurs d\u2019humanisme des droits des minorit\u00e9s.<\/p>\n<p class=\"asset asset-text\">Vous prosp\u00e9rez gr\u00e2ce \u00e0 la passivit\u00e9 de la Commission europ\u00e9enne. Elle sera toujours plus prompte \u00e0 engager des proc\u00e9dures pour d\u00e9ficit excessif plut\u00f4t qu\u2019\u00e0 mettre un terme \u00e0 votre syst\u00e8me de violation m\u00e9thodique de la Charte des droits fondamentaux de l\u2019Union europ\u00e9enne. Nous attendons toujours que la Commission initie un recours juridique contre votre loi interdisant les marches des fiert\u00e9s, vot\u00e9e en mars dernier.<\/p>\n<blockquote><p>\u00ab\u00a0C\u2019est cela, la France\u00a0: la d\u00e9fense collective des valeurs d\u2019humanisme des droits des minorit\u00e9s.\u00a0\u00bb<\/p><\/blockquote>\n<p class=\"asset asset-text\">C\u2019est de vous que les enfants hongrois doivent \u00eatre prot\u00e9g\u00e9s\u00a0: ils ont besoin de grandir avec la diversit\u00e9 des r\u00e9f\u00e9rentiels qui leur conviendront, et d\u2019\u00eatre prot\u00e9g\u00e9s de la menace des th\u00e9rapies de conversion. Nous avons obtenu une premi\u00e8re victoire pour leur interdiction <a href=\"https:\/\/www.huffingtonpost.fr\/international\/article\/therapies-de-conversion-la-petition-depasse-le-million-du-million-de-signatures-et-la-france-y-est-pour-beaucoup_250125.html\" target=\"_blank\" rel=\"noopener\">en imposant une p\u00e9tition aupr\u00e8s de la Commission europ\u00e9enne<\/a>.<\/p>\n<p class=\"asset asset-text\">Comptez sur moi pour poursuivre le combat aupr\u00e8s de cette derni\u00e8re, afin qu\u2019elle l\u00e9gif\u00e8re sur cette torture qui prosp\u00e8re dans votre pays comme dans trop d\u2019autres en Europe. Comptez sur moi \u00e9galement pour me battre afin d\u2019inscrire le droit \u00e0 l\u2019avortement dans la Charte des droits fondamentaux. Les femmes que vous soumettez par vos politiques r\u00e9actionnaires ont le droit de disposer librement de leur corps sans la perversion de leur faire \u00e9couter les battements de c\u0153ur de leur f\u0153tus. C\u2019est parce que vos m\u00e9thodes et vos atteintes aux libert\u00e9s fondamentales essaiment partout en Europe et jusqu\u2019en France que je m\u2019oppose \u00e0 vous avec autant de force.<\/p>\n<p>    Emmanuel Macron, votre alli\u00e9 objectif    <\/p>\n<p class=\"asset asset-text\">Vous avez trouv\u00e9 un alli\u00e9 objectif en la personne d\u2019Emmanuel Macron dans bien des domaines\u00a0: de <a href=\"https:\/\/www.huffingtonpost.fr\/international\/article\/roumanie-pologne-portugal-ces-elections-illustrent-le-virage-vers-l-extreme-droite-toujours-plus-inquietant-en-europe_250221.html\" target=\"_blank\" rel=\"noopener\">la d\u00e9finition p\u00e9nale du viol<\/a>, que vous avez r\u00e9ussi \u00e0 faire enterrer \u00e0 cause du lobbying actif du pr\u00e9sident fran\u00e7ais, \u00e0 l\u2019introduction de d\u00e9rogations sur la reconnaissance faciale dans le nouveau r\u00e8glement europ\u00e9en sur l\u2019intelligence artificielle (AI Act). Cette d\u00e9rogation, pour laquelle la pr\u00e9sidence de la R\u00e9publique fran\u00e7aise s\u2019est tant battue, vous offre aujourd\u2019hui l\u2019argument juridique pour dissuader et traquer les participants \u00e0 la Pride de Budapest.<\/p>\n<p class=\"asset asset-text\">En France, ce sont les ministres Darmanin et Retailleau qui veulent faire sauter les verrous qui nous prot\u00e8gent de la reconnaissance faciale algorithmique. Malgr\u00e9 votre interdiction et tous vos outils de cybersurveillance, je conduirai, \u00e0 la marche des fiert\u00e9s de Budapest, une d\u00e9l\u00e9gation d\u2019au moins 9 eurod\u00e9put\u00e9s de mon groupe parlementaire pour soutenir les Hongroises et les Hongrois qui vous d\u00e9fieront courageusement.<\/p>\n<p class=\"asset asset-text\">Votre pr\u00e9sence en France est une alerte. Mais elle est aussi une opportunit\u00e9\u00a0: celle de montrer que, dans un bassin rural, les collectifs s\u2019organisent dans leur diversit\u00e9 et leurs compl\u00e9mentarit\u00e9s pour d\u00e9fendre les droits fondamentaux face \u00e0 ceux qui voudraient les pi\u00e9tiner.<\/p>\n<p class=\"asset asset-text\">Alors non, Monsieur Orb\u00e1n, vous n\u2019\u00eates pas le bienvenu en France. Et en convoquant pour vous cette internationale fasciste, Jordan Bardella et le Rassemblement National montrent leur vrai visage, malgr\u00e9 leur tentative de d\u00e9diabolisation\u00a0: le Rassemblement national n\u2019a pas chang\u00e9. Il marche dans vos pas \u2014 ceux d\u2019une extr\u00eame droite raciste, homophobe et sexiste. Et tant que vous foulerez aux pieds les valeurs de justice et de libert\u00e9, nous serons toujours l\u00e0 pour nous dresser contre vous.<\/p>\n","protected":false},"excerpt":{"rendered":"WOJTEK RADWANSKI \/ AFP Viktor Orban a \u00e9t\u00e9 invit\u00e9e par Marine Le Pen au rassemblement organis\u00e9 par le&hellip;\n","protected":false},"author":2,"featured_media":161368,"comment_status":"","ping_status":"","sticky":false,"template":"","format":"standard","meta":{"footnotes":""},"categories":[4],"tags":[11,1076,1011,27,14,12,316,29351,25,5030,7247],"class_list":{"0":"post-161367","1":"post","2":"type-post","3":"status-publish","4":"format-standard","5":"has-post-thumbnail","7":"category-france","8":"tag-actualites","9":"tag-extreme-droite","10":"tag-fr","11":"tag-france","12":"tag-international","13":"tag-news","14":"tag-politique","15":"tag-prise-de-parole","16":"tag-republique-francaise","17":"tag-tribune","18":"tag-viktor-orban"},"share_on_mastodon":{"url":"https:\/\/pubeurope.com\/@fr\/114648864821693349","error":""},"_links":{"self":[{"href":"https:\/\/www.europesays.com\/fr\/wp-json\/wp\/v2\/posts\/161367","targetHints":{"allow":["GET"]}}],"collection":[{"href":"https:\/\/www.europesays.com\/fr\/wp-json\/wp\/v2\/posts"}],"about":[{"href":"https:\/\/www.europesays.com\/fr\/wp-json\/wp\/v2\/types\/post"}],"author":[{"embeddable":true,"href":"https:\/\/www.europesays.com\/fr\/wp-json\/wp\/v2\/users\/2"}],"replies":[{"embeddable":true,"href":"https:\/\/www.europesays.com\/fr\/wp-json\/wp\/v2\/comments?post=161367"}],"version-history":[{"count":0,"href":"https:\/\/www.europesays.com\/fr\/wp-json\/wp\/v2\/posts\/161367\/revisions"}],"wp:featuredmedia":[{"embeddable":true,"href":"https:\/\/www.europesays.com\/fr\/wp-json\/wp\/v2\/media\/161368"}],"wp:attachment":[{"href":"https:\/\/www.europesays.com\/fr\/wp-json\/wp\/v2\/media?parent=161367"}],"wp:term":[{"taxonomy":"category","embeddable":true,"href":"https:\/\/www.europesays.com\/fr\/wp-json\/wp\/v2\/categories?post=161367"},{"taxonomy":"post_tag","embeddable":true,"href":"https:\/\/www.europesays.com\/fr\/wp-json\/wp\/v2\/tags?post=161367"}],"curies":[{"name":"wp","href":"https:\/\/api.w.org\/{rel}","templated":true}]}}