{"id":161371,"date":"2025-06-08T17:14:11","date_gmt":"2025-06-08T17:14:11","guid":{"rendered":"https:\/\/www.europesays.com\/fr\/161371\/"},"modified":"2025-06-08T17:14:11","modified_gmt":"2025-06-08T17:14:11","slug":"saint-etienne-les-elus-municipaux-disent-deux-fois-non-a-larrivee-de-cultura-a-villars","status":"publish","type":"post","link":"https:\/\/www.europesays.com\/fr\/161371\/","title":{"rendered":"Saint-\u00c9tienne. Les \u00e9lus municipaux disent deux fois \u00ab\u00a0non\u00a0\u00bb \u00e0 l\u2019arriv\u00e9e de Cultura \u00e0 Villars"},"content":{"rendered":"<p>Si <a href=\"https:\/\/www.leprogres.fr\/economie\/2024\/07\/10\/la-librairie-decitre-a-ouvert-ses-portes-a-centre-deux\" target=\"_blank\" rel=\"nofollow noopener\">l\u2019ouverture du g\u00e9ant Decitre au sein du centre commercial Centre Deux<\/a>, en juillet\u00a02024, avait certes soulev\u00e9 quelques inqui\u00e9tudes, mais s\u2019\u00e9tait d\u00e9roul\u00e9e dans une certaine indiff\u00e9rence, Cultura n\u2019a pas droit au m\u00eame accueil en terres st\u00e9phanoises. Jamais sans doute l\u2019arriv\u00e9e potentielle d\u2019une enseigne n\u2019aura fait couler autant d\u2019encre et suscit\u00e9 une telle lev\u00e9e de boucliers\u2026<\/p>\n<p>L\u2019historique Librairie de Paris avait \u00e9t\u00e9 la toute premi\u00e8re, d\u00e8s ao\u00fbt\u00a02024, \u00e0 s\u2019alarmer de l\u2019arriv\u00e9e de Cultura sur la zone d\u2019Auchan Villars, plus pr\u00e9cis\u00e9ment dans une partie de l\u2019ancien magasin Alin\u00e9a, ferm\u00e9 en septembre\u00a02020 (o\u00f9 sont \u00e9galement annonc\u00e9s Intersport et Blackstore).<\/p>\n<p>Une p\u00e9tition lanc\u00e9e par seize librairies ind\u00e9pendantes<\/p>\n<p>Depuis, les responsables de la Librairie de Paris ont \u00e9t\u00e9 rejoints dans leur combat par nombre de leurs confr\u00e8res. Ainsi, en f\u00e9vrier&#8230;<\/p>\n","protected":false},"excerpt":{"rendered":"Si l\u2019ouverture du g\u00e9ant Decitre au sein du centre commercial Centre Deux, en juillet\u00a02024, avait certes soulev\u00e9 quelques&hellip;\n","protected":false},"author":2,"featured_media":161372,"comment_status":"","ping_status":"","sticky":false,"template":"","format":"standard","meta":{"footnotes":""},"categories":[9653],"tags":[1111,11,2430,4406,33,7539,1777,674,107,1011,27,3367,12,25,4001,7538],"class_list":{"0":"post-161371","1":"post","2":"type-post","3":"status-publish","4":"format-standard","5":"has-post-thumbnail","7":"category-saint-etienne","8":"tag-actu","9":"tag-actualites","10":"tag-auvergne-rhone-alpes","11":"tag-commerce-et-services","12":"tag-economie","13":"tag-edition-loire-sud","14":"tag-eu","15":"tag-europe","16":"tag-fil-info","17":"tag-fr","18":"tag-france","19":"tag-loire","20":"tag-news","21":"tag-republique-francaise","22":"tag-saint-etienne","23":"tag-saint-etienne-ville"},"share_on_mastodon":{"url":"https:\/\/pubeurope.com\/@fr\/114648872655698932","error":""},"_links":{"self":[{"href":"https:\/\/www.europesays.com\/fr\/wp-json\/wp\/v2\/posts\/161371","targetHints":{"allow":["GET"]}}],"collection":[{"href":"https:\/\/www.europesays.com\/fr\/wp-json\/wp\/v2\/posts"}],"about":[{"href":"https:\/\/www.europesays.com\/fr\/wp-json\/wp\/v2\/types\/post"}],"author":[{"embeddable":true,"href":"https:\/\/www.europesays.com\/fr\/wp-json\/wp\/v2\/users\/2"}],"replies":[{"embeddable":true,"href":"https:\/\/www.europesays.com\/fr\/wp-json\/wp\/v2\/comments?post=161371"}],"version-history":[{"count":0,"href":"https:\/\/www.europesays.com\/fr\/wp-json\/wp\/v2\/posts\/161371\/revisions"}],"wp:featuredmedia":[{"embeddable":true,"href":"https:\/\/www.europesays.com\/fr\/wp-json\/wp\/v2\/media\/161372"}],"wp:attachment":[{"href":"https:\/\/www.europesays.com\/fr\/wp-json\/wp\/v2\/media?parent=161371"}],"wp:term":[{"taxonomy":"category","embeddable":true,"href":"https:\/\/www.europesays.com\/fr\/wp-json\/wp\/v2\/categories?post=161371"},{"taxonomy":"post_tag","embeddable":true,"href":"https:\/\/www.europesays.com\/fr\/wp-json\/wp\/v2\/tags?post=161371"}],"curies":[{"name":"wp","href":"https:\/\/api.w.org\/{rel}","templated":true}]}}