{"id":161375,"date":"2025-06-08T17:16:48","date_gmt":"2025-06-08T17:16:48","guid":{"rendered":"https:\/\/www.europesays.com\/fr\/161375\/"},"modified":"2025-06-08T17:16:48","modified_gmt":"2025-06-08T17:16:48","slug":"il-a-faconne-un-fabuleux-jardin-a-deux-pas-de-la-ville","status":"publish","type":"post","link":"https:\/\/www.europesays.com\/fr\/161375\/","title":{"rendered":"il a fa\u00e7onn\u00e9 un fabuleux jardin \u00e0 deux pas de la ville"},"content":{"rendered":"<p>Il n\u2019est pas seulement le jardinier. Philosophe en herbe, un brin po\u00e8te et conteur, Michel Manevy est aussi du bois dont on fait les artistes plasticiens.<\/p>\n<p>\u00c0 81 ans, l\u2019horticulteur \u00e0 la retraite se consacre \u00e0 ce fascinant jardin de 7\u00a0000 m2, situ\u00e9 sur le bien-nomm\u00e9 chemin du Jardin-Botanique, \u00e0 Fonsala. Un lieu hors du temps qu\u2019il fait \u00e9voluer \u00e0 son rythme depuis cinquante-trois ans, d\u00e9marr\u00e9 alors que la fin de la p\u00e9pini\u00e8re familiale approchait.<\/p>\n<p>Toute l\u2019ann\u00e9e, sur demande, <a href=\"https:\/\/www.leprogres.fr\/culture-loisirs\/2021\/06\/05\/rendez-vous-dans-le-jardin-remarquable-de-michel-pour-une-balade-bucolique\" target=\"_blank\" rel=\"noopener\">vous pouvez visiter le jardin<\/a>, mais ce week-end, il ouvre tout particuli\u00e8rement \u00e0 l\u2019occasion des Rendez-vous aux jardins.<\/p>\n<p>Michel Manevy a le sens de la formule pour d\u00e9crire ce qu\u2019il fait. Ce&#8230;<\/p>\n","protected":false},"excerpt":{"rendered":"Il n\u2019est pas seulement le jardinier. Philosophe en herbe, un brin po\u00e8te et conteur, Michel Manevy est aussi&hellip;\n","protected":false},"author":2,"featured_media":161376,"comment_status":"","ping_status":"","sticky":false,"template":"","format":"standard","meta":{"footnotes":""},"categories":[9635],"tags":[1111,11,6211,1687,7539,436,1777,674,1011,27,775,3354,1702,12,5486,25,9669,9670],"class_list":{"0":"post-161375","1":"post","2":"type-post","3":"status-publish","4":"format-standard","5":"has-post-thumbnail","7":"category-nancy","8":"tag-actu","9":"tag-actualites","10":"tag-conference","11":"tag-culture-loisirs","12":"tag-edition-loire-sud","13":"tag-environnement","14":"tag-eu","15":"tag-europe","16":"tag-fr","17":"tag-france","18":"tag-grand-est","19":"tag-jardin","20":"tag-nancy","21":"tag-news","22":"tag-rencontre","23":"tag-republique-francaise","24":"tag-saint-chamond","25":"tag-saint-chamond-ville"},"share_on_mastodon":{"url":"https:\/\/pubeurope.com\/@fr\/114648884385254244","error":""},"_links":{"self":[{"href":"https:\/\/www.europesays.com\/fr\/wp-json\/wp\/v2\/posts\/161375","targetHints":{"allow":["GET"]}}],"collection":[{"href":"https:\/\/www.europesays.com\/fr\/wp-json\/wp\/v2\/posts"}],"about":[{"href":"https:\/\/www.europesays.com\/fr\/wp-json\/wp\/v2\/types\/post"}],"author":[{"embeddable":true,"href":"https:\/\/www.europesays.com\/fr\/wp-json\/wp\/v2\/users\/2"}],"replies":[{"embeddable":true,"href":"https:\/\/www.europesays.com\/fr\/wp-json\/wp\/v2\/comments?post=161375"}],"version-history":[{"count":0,"href":"https:\/\/www.europesays.com\/fr\/wp-json\/wp\/v2\/posts\/161375\/revisions"}],"wp:featuredmedia":[{"embeddable":true,"href":"https:\/\/www.europesays.com\/fr\/wp-json\/wp\/v2\/media\/161376"}],"wp:attachment":[{"href":"https:\/\/www.europesays.com\/fr\/wp-json\/wp\/v2\/media?parent=161375"}],"wp:term":[{"taxonomy":"category","embeddable":true,"href":"https:\/\/www.europesays.com\/fr\/wp-json\/wp\/v2\/categories?post=161375"},{"taxonomy":"post_tag","embeddable":true,"href":"https:\/\/www.europesays.com\/fr\/wp-json\/wp\/v2\/tags?post=161375"}],"curies":[{"name":"wp","href":"https:\/\/api.w.org\/{rel}","templated":true}]}}