{"id":161387,"date":"2025-06-08T17:23:08","date_gmt":"2025-06-08T17:23:08","guid":{"rendered":"https:\/\/www.europesays.com\/fr\/161387\/"},"modified":"2025-06-08T17:23:08","modified_gmt":"2025-06-08T17:23:08","slug":"voici-ou-trouver-une-foire-a-tout-en-seine-maritime-ce-lundi-de-pentecote","status":"publish","type":"post","link":"https:\/\/www.europesays.com\/fr\/161387\/","title":{"rendered":"Voici o\u00f9 trouver une foire \u00e0 tout en Seine-Maritime ce lundi de Pentec\u00f4te"},"content":{"rendered":"<p>            Par<br \/>\n        <strong><br \/>\n            <a href=\"https:\/\/actu.fr\/auteur\/adrien-filoche\" title=\"Consulter tous les articles de Adrien Filoche\" rel=\"nofollow noopener\" target=\"_blank\">Adrien Filoche<\/a><br \/>\n        <\/strong><\/p>\n<p>        Publi\u00e9 le<\/p>\n<p>            8 juin 2025 \u00e0 17h08        <\/p>\n<p><strong>Envie de profiter du lundi de Pentec\u00f4te pour chiner\u2009?<\/strong> On vous liste les foires \u00e0 tout et vide-greniers en <a href=\"https:\/\/actu.fr\/normandie\/seine-maritime_76\" rel=\"nofollow noopener\" target=\"_blank\">Seine-Maritime<\/a> pour ce lundi 9\u00a0juin 2025.<\/p>\n<p>La liste des foires \u00e0 tout en Seine-Maritime<\/p>\n<ul class=\" wall-content\">\n<li><strong>Arques-la-Bataille<\/strong>\u2009: foire \u00e0 tout \u00e0 la salle des sports de l\u2019\u00e9toile\u2009;<\/li>\n<li><strong>Br\u00e9aut\u00e9<\/strong>\u2009: vide-grenier du club de football au stade municipal\u2009;<\/li>\n<li><strong>Cailly<\/strong>\u2009: foire \u00e0 tout dans le centre du village\u2009;<\/li>\n<li><strong>Canteleu<\/strong>\u2009: foire \u00e0 tout sur au niveau du centre Commercial, rue Alexandre-Dumas\u2009;<\/li>\n<li><strong>Envermeu<\/strong>\u2009: foire \u00e0 tout de l\u2019U.S. Envermeu au stade de football, 64 rue G\u00e9n\u00e9ral de Gaulle\u2009;<\/li>\n<li><strong>Etaimpuis<\/strong>\u2009: foire \u00e0 tout au parking de la salle des f\u00eates, au Hameau du Biennais<\/li>\n<li><strong>Ermenouville<\/strong>\u2009: foire \u00e0 tout dans le centre du village\u2009;<\/li>\n<li><strong>F\u00e9camp<\/strong>\u2009: vide-grenier \u00ab\u2009Creative\u2019s balade\u2009\u00bb, 1418 boulevard Nelson-Mandela\u2009;<\/li>\n<li><strong>Forges-les-Eaux\u2009<\/strong>: foire \u00e0 tout au parking du march\u00e9 aux bestiaux\u2009;<\/li>\n<li><strong>Gueures<\/strong>\u2009: vide-grenier au stade municipal\u2009;<\/li>\n<li><strong>Rouen<\/strong>\u2009: vide-grenier place Saint-Marc.<\/li>\n<\/ul>\n<p>Vous souhaitez annoncer un \u00e9v\u00e9nement festif ou associatif, une initiative locale\u2009? Rendez-vous sur notre plateforme <a href=\"https:\/\/www.infolocale.fr\/decouvrir\/actu\/\" rel=\"nofollow noopener\" target=\"_blank\">Infolocale.<\/a>Suivez l\u2019actualit\u00e9 de <a href=\"https:\/\/www.whatsapp.com\/channel\/0029VaKfnf99hXF2ddApFB1D\" rel=\"nofollow noopener\" target=\"_blank\">Rouen<\/a> et du\u00a0<a href=\"https:\/\/www.whatsapp.com\/channel\/0029VaFqJYE8aKvLBwVrEe0o\" rel=\"nofollow noopener\" target=\"_blank\">Havre<\/a> sur nos cha\u00eenes WhatsApp et sur <a href=\"https:\/\/www.tiktok.com\/@76actu.fr?lang=fr\" rel=\"nofollow noopener\" target=\"_blank\">notre compte TikTok<\/a><\/p>\n<p class=\" wall-content\">Suivez toute l\u2019actualit\u00e9 de vos villes et m\u00e9dias favoris en vous inscrivant \u00e0 <a href=\"https:\/\/moncompte.actu.fr\" title=\"D\u00e9couvez Mon Actu\" rel=\"nofollow noopener\" data-trk=\"{&quot;cta&quot;:{&quot;action&quot;:&quot;https:\\\/\\\/moncompte.actu.fr&quot;,&quot;category&quot;:&quot;mon compte&quot;,&quot;from&quot;:&quot;article footer&quot;,&quot;name&quot;:&quot;Mon actu&quot;,&quot;type&quot;:&quot;cta&quot;}}\" target=\"_blank\">Mon Actu<\/a>.<\/p>\n<p>                    <script async src=\"\/\/www.tiktok.com\/embed.js\"><\/script><\/p>\n","protected":false},"excerpt":{"rendered":"Par Adrien Filoche Publi\u00e9 le 8 juin 2025 \u00e0 17h08 Envie de profiter du lundi de Pentec\u00f4te pour&hellip;\n","protected":false},"author":2,"featured_media":161388,"comment_status":"","ping_status":"","sticky":false,"template":"","format":"standard","meta":{"footnotes":""},"categories":[9587],"tags":[1111,11,1777,674,10087,1011,27,12,5161,25,9590,104],"class_list":{"0":"post-161387","1":"post","2":"type-post","3":"status-publish","4":"format-standard","5":"has-post-thumbnail","7":"category-rouen","8":"tag-actu","9":"tag-actualites","10":"tag-eu","11":"tag-europe","12":"tag-foires-a-tout","13":"tag-fr","14":"tag-france","15":"tag-news","16":"tag-normandie","17":"tag-republique-francaise","18":"tag-rouen","19":"tag-societe"},"share_on_mastodon":{"url":"https:\/\/pubeurope.com\/@fr\/114648907897086092","error":""},"_links":{"self":[{"href":"https:\/\/www.europesays.com\/fr\/wp-json\/wp\/v2\/posts\/161387","targetHints":{"allow":["GET"]}}],"collection":[{"href":"https:\/\/www.europesays.com\/fr\/wp-json\/wp\/v2\/posts"}],"about":[{"href":"https:\/\/www.europesays.com\/fr\/wp-json\/wp\/v2\/types\/post"}],"author":[{"embeddable":true,"href":"https:\/\/www.europesays.com\/fr\/wp-json\/wp\/v2\/users\/2"}],"replies":[{"embeddable":true,"href":"https:\/\/www.europesays.com\/fr\/wp-json\/wp\/v2\/comments?post=161387"}],"version-history":[{"count":0,"href":"https:\/\/www.europesays.com\/fr\/wp-json\/wp\/v2\/posts\/161387\/revisions"}],"wp:featuredmedia":[{"embeddable":true,"href":"https:\/\/www.europesays.com\/fr\/wp-json\/wp\/v2\/media\/161388"}],"wp:attachment":[{"href":"https:\/\/www.europesays.com\/fr\/wp-json\/wp\/v2\/media?parent=161387"}],"wp:term":[{"taxonomy":"category","embeddable":true,"href":"https:\/\/www.europesays.com\/fr\/wp-json\/wp\/v2\/categories?post=161387"},{"taxonomy":"post_tag","embeddable":true,"href":"https:\/\/www.europesays.com\/fr\/wp-json\/wp\/v2\/tags?post=161387"}],"curies":[{"name":"wp","href":"https:\/\/api.w.org\/{rel}","templated":true}]}}