{"id":161389,"date":"2025-06-08T17:26:09","date_gmt":"2025-06-08T17:26:09","guid":{"rendered":"https:\/\/www.europesays.com\/fr\/161389\/"},"modified":"2025-06-08T17:26:09","modified_gmt":"2025-06-08T17:26:09","slug":"valgorge-un-film-a-laffiche-ce-mardi","status":"publish","type":"post","link":"https:\/\/www.europesays.com\/fr\/161389\/","title":{"rendered":"Valgorge. Un film \u00e0 l\u2019affiche ce mardi"},"content":{"rendered":"<p>Dans le cadre de Cin\u00e9ma au village, s\u00e9rie de projections itin\u00e9rantes propos\u00e9e par la Maison de l\u2019image, la salle de la Pourette aura \u00e0 l\u2019affiche ce mardi 10\u00a0juin \u00e0 20\u00a0h\u00a030 L\u2019Attachement. Un film de Carine Tardieu, avec au casting Valeria Bruni-Tedeschi et Pio Marma\u00ef. Une belle r\u00e9union de com\u00e9diens autour de l\u2019histoire de Sandra, quinquag\u00e9naire farouchement ind\u00e9pendante, qui partage soudainement et malgr\u00e9 elle l\u2019intimit\u00e9 de son voisin de palier et de ses deux enfants. Contre toute attente, elle s\u2019attache peu \u00e0 peu \u00e0 cette famille d\u2019adoption.<\/p>\n<p class=\"note\">Renseignements\u00a0: 04\u00a075\u00a089\u00a004\u00a054.<\/p>\n","protected":false},"excerpt":{"rendered":"Dans le cadre de Cin\u00e9ma au village, s\u00e9rie de projections itin\u00e9rantes propos\u00e9e par la Maison de l\u2019image, la&hellip;\n","protected":false},"author":2,"featured_media":161390,"comment_status":"","ping_status":"","sticky":false,"template":"","format":"standard","meta":{"footnotes":""},"categories":[9566],"tags":[1111,11,29353,2430,1687,4645,1777,674,2271,1011,27,2731,12,25,29352],"class_list":{"0":"post-161389","1":"post","2":"type-post","3":"status-publish","4":"format-standard","5":"has-post-thumbnail","7":"category-grenoble","8":"tag-actu","9":"tag-actualites","10":"tag-ardeche-meridionale","11":"tag-auvergne-rhone-alpes","12":"tag-culture-loisirs","13":"tag-edition-aubenas-privas-vallee-du-rhone","14":"tag-eu","15":"tag-europe","16":"tag-exposition-arts-plastiques","17":"tag-fr","18":"tag-france","19":"tag-grenoble","20":"tag-news","21":"tag-republique-francaise","22":"tag-valgorge"},"share_on_mastodon":{"url":"https:\/\/pubeurope.com\/@fr\/114648919733144662","error":""},"_links":{"self":[{"href":"https:\/\/www.europesays.com\/fr\/wp-json\/wp\/v2\/posts\/161389","targetHints":{"allow":["GET"]}}],"collection":[{"href":"https:\/\/www.europesays.com\/fr\/wp-json\/wp\/v2\/posts"}],"about":[{"href":"https:\/\/www.europesays.com\/fr\/wp-json\/wp\/v2\/types\/post"}],"author":[{"embeddable":true,"href":"https:\/\/www.europesays.com\/fr\/wp-json\/wp\/v2\/users\/2"}],"replies":[{"embeddable":true,"href":"https:\/\/www.europesays.com\/fr\/wp-json\/wp\/v2\/comments?post=161389"}],"version-history":[{"count":0,"href":"https:\/\/www.europesays.com\/fr\/wp-json\/wp\/v2\/posts\/161389\/revisions"}],"wp:featuredmedia":[{"embeddable":true,"href":"https:\/\/www.europesays.com\/fr\/wp-json\/wp\/v2\/media\/161390"}],"wp:attachment":[{"href":"https:\/\/www.europesays.com\/fr\/wp-json\/wp\/v2\/media?parent=161389"}],"wp:term":[{"taxonomy":"category","embeddable":true,"href":"https:\/\/www.europesays.com\/fr\/wp-json\/wp\/v2\/categories?post=161389"},{"taxonomy":"post_tag","embeddable":true,"href":"https:\/\/www.europesays.com\/fr\/wp-json\/wp\/v2\/tags?post=161389"}],"curies":[{"name":"wp","href":"https:\/\/api.w.org\/{rel}","templated":true}]}}