{"id":161398,"date":"2025-06-08T17:31:11","date_gmt":"2025-06-08T17:31:11","guid":{"rendered":"https:\/\/www.europesays.com\/fr\/161398\/"},"modified":"2025-06-08T17:31:11","modified_gmt":"2025-06-08T17:31:11","slug":"trois-podiums-pour-le-ckcl-a-strasbourg","status":"publish","type":"post","link":"https:\/\/www.europesays.com\/fr\/161398\/","title":{"rendered":"trois podiums pour le CKCL \u00e0 Strasbourg"},"content":{"rendered":"<p>Dimanche dernier, se sont d\u00e9roul\u00e9es \u00e0 Strasbourg les \u00e9preuves s\u00e9lectives nationales de vitesse sur 200\u00a0m. En K1 cadettes, Soline de J\u00e9sus termine \u00e0 une excellente 3e place avant de s\u2019imposer dans la cat\u00e9gorie K2 cadettes aux c\u00f4t\u00e9s de L\u00e9a Malheiro, d\u2019Auxonne, ainsi que dans la course K4 f\u00e9minines cadettes sur 200\u00a0m avec, comme partenaires\u00a0: L\u00e9a Malheiro, Na\u00efs Maumy (de Decize) et Lisa Melot (Saint-Jean-de-Losne). Engag\u00e9e sur la C 1 f\u00e9minine dans la cat\u00e9gorie U 23, Marine Perrot termine au 6e rang.<\/p>\n","protected":false},"excerpt":{"rendered":"Dimanche dernier, se sont d\u00e9roul\u00e9es \u00e0 Strasbourg les \u00e9preuves s\u00e9lectives nationales de vitesse sur 200\u00a0m. En K1 cadettes,&hellip;\n","protected":false},"author":2,"featured_media":161399,"comment_status":"","ping_status":"","sticky":false,"template":"","format":"standard","meta":{"footnotes":""},"categories":[2820],"tags":[1111,11,6238,1777,674,1011,27,775,1686,6236,6237,12,25,104,640,1631],"class_list":{"0":"post-161398","1":"post","2":"type-post","3":"status-publish","4":"format-standard","5":"has-post-thumbnail","7":"category-strasbourg","8":"tag-actu","9":"tag-actualites","10":"tag-edition-bresse","11":"tag-eu","12":"tag-europe","13":"tag-fr","14":"tag-france","15":"tag-grand-est","16":"tag-import-print","17":"tag-louhans","18":"tag-louhans-ville","19":"tag-news","20":"tag-republique-francaise","21":"tag-societe","22":"tag-strasbourg","23":"tag-vie-associative"},"share_on_mastodon":{"url":"https:\/\/pubeurope.com\/@fr\/114648939669202633","error":""},"_links":{"self":[{"href":"https:\/\/www.europesays.com\/fr\/wp-json\/wp\/v2\/posts\/161398","targetHints":{"allow":["GET"]}}],"collection":[{"href":"https:\/\/www.europesays.com\/fr\/wp-json\/wp\/v2\/posts"}],"about":[{"href":"https:\/\/www.europesays.com\/fr\/wp-json\/wp\/v2\/types\/post"}],"author":[{"embeddable":true,"href":"https:\/\/www.europesays.com\/fr\/wp-json\/wp\/v2\/users\/2"}],"replies":[{"embeddable":true,"href":"https:\/\/www.europesays.com\/fr\/wp-json\/wp\/v2\/comments?post=161398"}],"version-history":[{"count":0,"href":"https:\/\/www.europesays.com\/fr\/wp-json\/wp\/v2\/posts\/161398\/revisions"}],"wp:featuredmedia":[{"embeddable":true,"href":"https:\/\/www.europesays.com\/fr\/wp-json\/wp\/v2\/media\/161399"}],"wp:attachment":[{"href":"https:\/\/www.europesays.com\/fr\/wp-json\/wp\/v2\/media?parent=161398"}],"wp:term":[{"taxonomy":"category","embeddable":true,"href":"https:\/\/www.europesays.com\/fr\/wp-json\/wp\/v2\/categories?post=161398"},{"taxonomy":"post_tag","embeddable":true,"href":"https:\/\/www.europesays.com\/fr\/wp-json\/wp\/v2\/tags?post=161398"}],"curies":[{"name":"wp","href":"https:\/\/api.w.org\/{rel}","templated":true}]}}