{"id":161402,"date":"2025-06-08T17:33:09","date_gmt":"2025-06-08T17:33:09","guid":{"rendered":"https:\/\/www.europesays.com\/fr\/161402\/"},"modified":"2025-06-08T17:33:09","modified_gmt":"2025-06-08T17:33:09","slug":"a-nice-lappel-commun-des-cultes-religieux-pour-sauver-les-oceans-a-la-veille-de-louverture-du-sommet-de-lonu","status":"publish","type":"post","link":"https:\/\/www.europesays.com\/fr\/161402\/","title":{"rendered":"\u00c0 Nice, l\u2019appel commun des cultes religieux pour sauver les oc\u00e9ans \u00e0 la veille de l\u2019ouverture du sommet de l\u2019ONU"},"content":{"rendered":"<p>Religion et \u00e9cologie. Qui a dit que ces deux concepts n\u2019avaient pas de lien direct? Ce dimanche 8 juin 2025, journ\u00e9e mondiale de l\u2019oc\u00e9an, de nombreux repr\u00e9sentants des cultes isra\u00e9lite, chr\u00e9tien, musulman, bouddhiste, sikh et hindou se sont r\u00e9unis pour prouver le contraire sur la plage du Centenaire, \u00e0 Nice. Elle \u00e9tait \u00e9tonnamment calme, pr\u00e8s d\u2019une promenade des Anglais d\u00e9serte. Seul le bruit des vagues est venu apporter un fond sonore aux multiples prises de parole.<\/p>\n<p>\u00ab\u00a0Les oc\u00e9ans ont une place majeure pour les chr\u00e9tiens. Il s\u2019agit de la cr\u00e9ation de Dieu, que l\u2019on doit respecter\u00a0\u00bb, a cadr\u00e9 Monseigneur Jean-Philippe Nault, \u00e9v\u00eaque de Nice. De son c\u00f4t\u00e9, l\u2019imam Otmane Aissaoui, pr\u00e9sident de l\u2019Union des musulmans des Alpes-Maritimes, a appel\u00e9 \u00e0 \u00ab\u00a0sauvegarder le don de Dieu\u00a0\u00bb et rappel\u00e9 que \u00ab\u00a0Dieu nous a cr\u00e9\u00e9s pour vivre ensemble et pr\u00e9server notre patrimoine\u00a0\u00bb.<\/p>\n<p>D\u2019une mani\u00e8re plus g\u00e9n\u00e9rale, l\u2019ensemble des religions avaient un seul et m\u00eame message \u00e0 faire passer en ce dimanche de Pentec\u00f4te: pr\u00e9servons, soignons et appr\u00e9cions les ressources confi\u00e9es.<\/p>\n<p>\u00ab\u00a0D\u00e9livrer un message d\u2019esp\u00e9rance\u00a0\u00bb<\/p>\n<p>Pour la municipalit\u00e9, c\u2019\u00e9tait aussi l\u2019occasion de montrer que l\u2019oc\u00e9an rassemble. \u00ab\u00a0L\u2019objectif, c\u2019\u00e9tait de d\u00e9livrer un message d\u2019esp\u00e9rance sur les r\u00e9sultats de ce sommet\u00a0\u00bb, ajoute Anthony Borr\u00e9, premier adjoint au maire de Nice. Un regard universel tourn\u00e9 vers la M\u00e9diterran\u00e9e, \u00e0 la veille du lancement officiel de la conf\u00e9rence des Nations-Unies sur l\u2019Oc\u00e9an.<\/p>\n<p>              <img ci-src=\"https:\/\/www.nicematin.com\/vie-locale\/protec\/DATA_ART_15677774-ZFfWLPaJ.jpg?vh=87bb8a&amp;ci_seal=d7a875ccd3\" alt=\"\"\/><br \/>\n        Les repr\u00e9sentants des cultes ont r\u00e9cit\u00e9 des pri\u00e8res face \u00e0 la mer.  <strong>Photo H.P..<\/strong> <\/p>\n","protected":false},"excerpt":{"rendered":"Religion et \u00e9cologie. Qui a dit que ces deux concepts n\u2019avaient pas de lien direct? Ce dimanche 8&hellip;\n","protected":false},"author":2,"featured_media":161403,"comment_status":"","ping_status":"","sticky":false,"template":"","format":"standard","meta":{"footnotes":""},"categories":[2819],"tags":[1111,11,1777,674,1011,27,12,2401,882,25,3366],"class_list":{"0":"post-161402","1":"post","2":"type-post","3":"status-publish","4":"format-standard","5":"has-post-thumbnail","7":"category-nice","8":"tag-actu","9":"tag-actualites","10":"tag-eu","11":"tag-europe","12":"tag-fr","13":"tag-france","14":"tag-news","15":"tag-nice","16":"tag-provence-alpes-cote-dazur","17":"tag-republique-francaise","18":"tag-vie-locale"},"share_on_mastodon":{"url":"https:\/\/pubeurope.com\/@fr\/114648947325298198","error":""},"_links":{"self":[{"href":"https:\/\/www.europesays.com\/fr\/wp-json\/wp\/v2\/posts\/161402","targetHints":{"allow":["GET"]}}],"collection":[{"href":"https:\/\/www.europesays.com\/fr\/wp-json\/wp\/v2\/posts"}],"about":[{"href":"https:\/\/www.europesays.com\/fr\/wp-json\/wp\/v2\/types\/post"}],"author":[{"embeddable":true,"href":"https:\/\/www.europesays.com\/fr\/wp-json\/wp\/v2\/users\/2"}],"replies":[{"embeddable":true,"href":"https:\/\/www.europesays.com\/fr\/wp-json\/wp\/v2\/comments?post=161402"}],"version-history":[{"count":0,"href":"https:\/\/www.europesays.com\/fr\/wp-json\/wp\/v2\/posts\/161402\/revisions"}],"wp:featuredmedia":[{"embeddable":true,"href":"https:\/\/www.europesays.com\/fr\/wp-json\/wp\/v2\/media\/161403"}],"wp:attachment":[{"href":"https:\/\/www.europesays.com\/fr\/wp-json\/wp\/v2\/media?parent=161402"}],"wp:term":[{"taxonomy":"category","embeddable":true,"href":"https:\/\/www.europesays.com\/fr\/wp-json\/wp\/v2\/categories?post=161402"},{"taxonomy":"post_tag","embeddable":true,"href":"https:\/\/www.europesays.com\/fr\/wp-json\/wp\/v2\/tags?post=161402"}],"curies":[{"name":"wp","href":"https:\/\/api.w.org\/{rel}","templated":true}]}}