{"id":161404,"date":"2025-06-08T17:34:20","date_gmt":"2025-06-08T17:34:20","guid":{"rendered":"https:\/\/www.europesays.com\/fr\/161404\/"},"modified":"2025-06-08T17:34:20","modified_gmt":"2025-06-08T17:34:20","slug":"a-nantes-latelier-artistique-adn-en-pleine-mutation","status":"publish","type":"post","link":"https:\/\/www.europesays.com\/fr\/161404\/","title":{"rendered":"\u00c0 Nantes l\u2019atelier artistique \u00ab\u00a0ADN\u00a0\u00bb en pleine mutation"},"content":{"rendered":"<p>Atelier de dessin, cours de peinture, s\u00e9ances de mod\u00e8le vivants\u2026 Voil\u00e0 d\u00e9j\u00e0 trois ans qu\u2019ADN (Atelier-Dessin-Nantes) est ouvert aux amateurs, de tous niveaux, d\u00e9sireux de s\u2019essayer aux arts graphiques. Trois ann\u00e9es bien remplies mais pourtant, en d\u00e9finitive, pass\u00e9es assez inaper\u00e7ues aux yeux du grand public tant l\u2019association avait n\u00e9glig\u00e9 de communiquer aupr\u00e8s des m\u00e9dias. \u00a0Une discr\u00e9tion peut-\u00eatre dommageable\u00a0, reconna\u00eet Pascal Bouchet-Spiegel, plasticien, par ailleurs enseignant aux Beaux-Arts qui, non content d\u2019animer l\u2019atelier dessin, vient de prendre les r\u00eanes de l\u2019association.<\/p>\n<p>Non content de poursuivre ses activit\u00e9s, ADN entend les enrichir. \u00a0Encourager la pratique du dessin, s\u2019essayer au mod\u00e8le vivant restent au c\u0153ur de notre projet, tout comme proposer des initiations \u00e0 la peinture, ce cours \u00e9tant assur\u00e9 par Armen Saakyan, un artiste bien connu des cimaises nantaises. Mais pour autant nous aimerions aller un peu plus loin en provoquant, si possible, et en aiguisant la curiosit\u00e9 artistique de nos adh\u00e9rents\u00a0.<\/p>\n<p>Provoquer et aiguiser la curiosit\u00e9<\/p>\n<p>Pour Pascal Bouchet-Spiegel en effet, une pratique graphique, m\u00eame amateur ou de simple loisir, ne saurait se concevoir sans un minimum de r\u00e9flexion. \u00a0Faire reste bien s\u00fbr le ma\u00eetre-mot. Mais comment vouloir bien faire sans d\u00e9velopper un minimum de sens critique et sans\u00a0l\u2019amorce d\u2019une petite r\u00e9flexion esth\u00e9tique\u00a0?\u00a0\u00bb.<\/p>\n<p>Qu\u2019on se rassure\u00a0: rien de lourdement didactique dans ce projet mais uniquement le vif d\u00e9sir de pouvoir s\u2019ouvrir, au sein m\u00eame des cours, \u00e0 des domaines aussi vari\u00e9s que le paysage, la BD, le th\u00e9\u00e2tre, la sc\u00e9nographie ou encore le design.  \u00a0Et pourquoi ne pas prolonger cette r\u00e9flexion en organisant, tout au long de l\u2019ann\u00e9e, des conf\u00e9rences, des projections et, il va de soi, des expositions\u00a0?\u00a0\u00bb.<\/p>\n<p>ADN, la G\u00e9n\u00e9rale, ancienne caserne Mellinet (arr\u00eat bus Sain-Donatien).<br \/>Informations et inscriptions\u00a0: 06\u00a019\u00a012\u00a030\u00a005 ou saakyan@online.fr<\/p>\n<p>\u00a0<\/p>\n","protected":false},"excerpt":{"rendered":"Atelier de dessin, cours de peinture, s\u00e9ances de mod\u00e8le vivants\u2026 Voil\u00e0 d\u00e9j\u00e0 trois ans qu\u2019ADN (Atelier-Dessin-Nantes) est ouvert&hellip;\n","protected":false},"author":2,"featured_media":161405,"comment_status":"","ping_status":"","sticky":false,"template":"","format":"standard","meta":{"footnotes":""},"categories":[2818],"tags":[1111,11,846,29354,4396,1777,674,1011,27,16654,766,12,2636,19940,25],"class_list":{"0":"post-161404","1":"post","2":"type-post","3":"status-publish","4":"format-standard","5":"has-post-thumbnail","7":"category-nantes","8":"tag-actu","9":"tag-actualites","10":"tag-adn","11":"tag-artistique","12":"tag-atelier","13":"tag-eu","14":"tag-europe","15":"tag-fr","16":"tag-france","17":"tag-mutation","18":"tag-nantes","19":"tag-news","20":"tag-pays-de-la-loire","21":"tag-pleine","22":"tag-republique-francaise"},"share_on_mastodon":{"url":"https:\/\/pubeurope.com\/@fr\/114648951362977934","error":""},"_links":{"self":[{"href":"https:\/\/www.europesays.com\/fr\/wp-json\/wp\/v2\/posts\/161404","targetHints":{"allow":["GET"]}}],"collection":[{"href":"https:\/\/www.europesays.com\/fr\/wp-json\/wp\/v2\/posts"}],"about":[{"href":"https:\/\/www.europesays.com\/fr\/wp-json\/wp\/v2\/types\/post"}],"author":[{"embeddable":true,"href":"https:\/\/www.europesays.com\/fr\/wp-json\/wp\/v2\/users\/2"}],"replies":[{"embeddable":true,"href":"https:\/\/www.europesays.com\/fr\/wp-json\/wp\/v2\/comments?post=161404"}],"version-history":[{"count":0,"href":"https:\/\/www.europesays.com\/fr\/wp-json\/wp\/v2\/posts\/161404\/revisions"}],"wp:featuredmedia":[{"embeddable":true,"href":"https:\/\/www.europesays.com\/fr\/wp-json\/wp\/v2\/media\/161405"}],"wp:attachment":[{"href":"https:\/\/www.europesays.com\/fr\/wp-json\/wp\/v2\/media?parent=161404"}],"wp:term":[{"taxonomy":"category","embeddable":true,"href":"https:\/\/www.europesays.com\/fr\/wp-json\/wp\/v2\/categories?post=161404"},{"taxonomy":"post_tag","embeddable":true,"href":"https:\/\/www.europesays.com\/fr\/wp-json\/wp\/v2\/tags?post=161404"}],"curies":[{"name":"wp","href":"https:\/\/api.w.org\/{rel}","templated":true}]}}