{"id":161414,"date":"2025-06-08T17:39:11","date_gmt":"2025-06-08T17:39:11","guid":{"rendered":"https:\/\/www.europesays.com\/fr\/161414\/"},"modified":"2025-06-08T17:39:11","modified_gmt":"2025-06-08T17:39:11","slug":"toulouse-concerts-soirees-club-ginguette-ce-qui-vous-attend-cet-ete-au-bikini","status":"publish","type":"post","link":"https:\/\/www.europesays.com\/fr\/161414\/","title":{"rendered":"Toulouse. Concerts, soir\u00e9es club, ginguette\u2026 Ce qui vous attend cet \u00e9t\u00e9 au Bikini"},"content":{"rendered":"<p>            Par<br \/>\n        <strong><br \/>\n            <a href=\"https:\/\/actu.fr\/auteur\/gabriel-kenedi\" title=\"Consulter tous les articles de Gabriel Kenedi\" target=\"_blank\" rel=\"noopener\">Gabriel Kenedi<\/a><br \/>\n        <\/strong><\/p>\n<p>        Publi\u00e9 le<\/p>\n<p>            8 juin 2025 \u00e0 18h22        <\/p>\n<p>Chaud devant ! D\u00e8s ce jeudi 12 juin 2025, le <a href=\"https:\/\/actu.fr\/occitanie\/toulouse_31555\/toulouse-lincroyable-histoire-du-bikini-la-salle-aux-8-000-concerts-qui-fete-ses-40-ans_59757312.html\" target=\"_blank\" rel=\"noopener\"><strong>Bikini<\/strong><\/a> \u2014 salle de concert bas\u00e9e \u00e0 Ramonville-Saint-Agne, pr\u00e8s de <strong>Toulouse<\/strong> \u2014 passe en mode \u00e9t\u00e9. Et voici le programme !\u00a0<\/p>\n<p>Le Petit Bikini, 4\u1d49 saison !\u00a0<\/p>\n<p class=\" wall-content\">Pour cette nouvelle saison estivale, le Bikini rouvre \u00e0 nouveau sa<strong> guinguette estivale<\/strong>, Le Petit Bikini. Le lieu sera ouvert du 12 juin au 7 septembre, du mardi au samedi (de 18h \u00e0 minuit). Le gros plus ? L\u2019entr\u00e9e est <strong>gratuite<\/strong> et la baignade dans la fameuse piscine du Bikini est <strong>autoris\u00e9e<\/strong> !<\/p>\n<p class=\" wall-content\">Au programme ? Des tapas en tous genres, de la musique, des jeux, des cocktails ou encore des animations. C\u00f4t\u00e9 musique, le Bikini met le paquet avec des DJ set tous les soirs.\u00a0<\/p>\n<p>Pool party, quizz et DJ set\u00a0<\/p>\n<p class=\" wall-content\">Parmi les temps forts du Petit Bikini, notons la venue (comme chaque ann\u00e9e !) de <strong>GUTS<\/strong> le 21 aout prochain, la soir\u00e9e anim\u00e9e par <strong>Les Jolies Musiques<\/strong> le 4 juillet, ou encore un loto organis\u00e9 par le <strong>collectif Wyld,<\/strong> le 22 juillet prochain.<\/p>\n<p>Vid\u00e9os : en ce moment sur Actu<\/p>\n<p class=\" wall-content\">Le Bikini se mettra \u00e9galement en mode <strong>Tour de France<\/strong>, le 15 juillet, avec un quiz r\u00e9serv\u00e9 aux sp\u00e9cialistes (ou pas) de la Grande Boucle ! Et notre petit doigt nous dit qu\u2019Herv\u00e9 Sansonetto, le patron du Bikini, se chargera lui-m\u00eame de poser les questions !\u00a0<\/p>\n<p class=\" wall-content\">Quant \u00e0 la F\u00eate de la Musique, elle mettra en sc\u00e8ne <strong>42 ans de musique au Bikini<\/strong>\u2026 Voil\u00e0 qui promet ! Pour le reste, le Petit Bikini organisera trois<strong> pool party<\/strong>, les 29 juin, 20 juillet et 31 ao\u00fbt prochains.\u00a0<\/p>\n<p>    <img   decoding=\"async\" loading=\"lazy\" src=\"https:\/\/www.europesays.com\/fr\/wp-content\/uploads\/2025\/06\/bikini9472-b-960x640.jpg\" alt=\"Des soir\u00e9es pool party auront lieu cet \u00e9t\u00e9 au bord de la piscine ! \" width=\"960\" height=\"640\"\/><br \/>\n    Des soir\u00e9es pool party auront lieu cet \u00e9t\u00e9 au bord de la piscine ! (\u00a9Etienne Sahuc \/ Le Bikini)Des concerts cet \u00e9t\u00e9\u00a0<\/p>\n<p class=\" wall-content\">Par ailleurs, le Bikni organisera \u00e9galement quelques concerts dans la grande salle durant l\u2019\u00e9t\u00e9. Le groupe de m\u00e9tal su\u00e9dois In Flames, accompagn\u00e9 d\u2019Orbit Culture, inaugurera ce format le 17 juin prochain. Suivront <strong>Death In Vegas<\/strong>, l\u2019iconique <strong>Grupo Compay Segundo<\/strong>, l\u2019immense artiste br\u00e9silien <strong>Seu Jorge <\/strong>(d\u00e9j\u00e0 complet), le superbe groupe de pop <strong>The Lemon Twigs<\/strong>, les deux s\u0153urs du duo <strong>Cocorosie<\/strong> , <strong>NailBomb<\/strong>, ou encore le groupe de reggae jama\u00efcain mythique, <strong>Steel Pulse<\/strong>.\u00a0<\/p>\n<p class=\" wall-content\"><strong>Voici le programme des concerts :\u00a0<\/strong><\/p>\n<ul class=\" wall-content\">\n<li>17.06 : In Flames + Orbit Culture<\/li>\n<li>26.06 : Death In Vegas<\/li>\n<li>02.07 : Grupo Compay Segundo<\/li>\n<li>08.07 : Seu Jorge<\/li>\n<li>09.07 : The Lemon Twigs<\/li>\n<li>26.07 : CocoRosie<\/li>\n<li>13.08 : NailBomb<\/li>\n<li>22.08 : Steel Pulse<\/li>\n<\/ul>\n<p>Et des soir\u00e9es club !\u00a0<\/p>\n<p class=\" wall-content\">Des soir\u00e9es club auront \u00e9galement lieu <strong>durant tout l\u2019\u00e9t\u00e9 au Bikini<\/strong>, de minuit \u00e0 6 heures, dans la salle, tous les vendredis et samedis de l\u2019\u00e9t\u00e9.\u00a0<\/p>\n<p class=\" wall-content\"><strong>Voici le programme complet :\u00a0<\/strong><\/p>\n<ul class=\" wall-content\">\n<li>13. 06 : Summer Rave \/\/ Fall Industry<\/li>\n<li>14.06 : Solar Groove Festival<\/li>\n<li>20.06 : Plein Phare 360\u00b0<\/li>\n<li>21.06 : In Bikini Dura Electro<\/li>\n<li>27.06 : 50cl 6th Anniversary<\/li>\n<li>28.06 : Alt + f4<\/li>\n<li>04.07 : Let It Roll warm up<\/li>\n<li>05.07 : Girls On Rave \/\/ Plein Phare<\/li>\n<li>11.07 : Bass Summer Club<\/li>\n<li>12.07 : Dopamine Wifi<\/li>\n<li>18.07 : After Carl Cox<\/li>\n<li>19.07 : Karnage Summer Club<\/li>\n<li>25.07 : Techno 2 Rave \/\/ MoonTrip<\/li>\n<li>26.07 : Bikini Summer House<\/li>\n<li>01.08 : After Boris Brejcha<\/li>\n<li>02.08 : Rave 90\u2019s \/\/ Plein Phare<\/li>\n<li>08.08 : Koalition Summer Club<\/li>\n<li>09.08 : Techno Bunker \/\/ Plein Phare<\/li>\n<li>22.08 : After Chemical Brothers<\/li>\n<li>23.08 : Ritmo Fatale : Kendal all night<\/li>\n<li>29.08 : Urban Kick Festival \/\/ MoonTrip<\/li>\n<li>30.08 : Raptors &amp; Freaks \/\/ Karnage<\/li>\n<\/ul>\n<p><strong>Infos pratiques :<\/strong><br \/>\nPlus d\u2019infos <a href=\"https:\/\/lebikini.com\/\" target=\"_blank\" rel=\"noopener\">sur le site du Bikini<\/a> et sur le compte Insta <a href=\"https:\/\/www.instagram.com\/le_petit_bikini_toulouse\/\" target=\"_blank\" rel=\"noopener\">du Petit Bikini<\/a>.\u00a0<\/p>\n<p class=\" wall-content\">Suivez toute l\u2019actualit\u00e9 de vos villes et m\u00e9dias favoris en vous inscrivant \u00e0 <a href=\"https:\/\/moncompte.actu.fr\" title=\"D\u00e9couvez Mon Actu\" rel=\"nofollow noopener\" data-trk=\"{&quot;cta&quot;:{&quot;action&quot;:&quot;https:\\\/\\\/moncompte.actu.fr&quot;,&quot;category&quot;:&quot;mon compte&quot;,&quot;from&quot;:&quot;article footer&quot;,&quot;name&quot;:&quot;Mon actu&quot;,&quot;type&quot;:&quot;cta&quot;}}\" target=\"_blank\">Mon Actu<\/a>.<\/p>\n<p>                    <script async src=\"\/\/www.instagram.com\/embed.js\"><\/script><\/p>\n","protected":false},"excerpt":{"rendered":"Par Gabriel Kenedi Publi\u00e9 le 8 juin 2025 \u00e0 18h22 Chaud devant ! D\u00e8s ce jeudi 12 juin&hellip;\n","protected":false},"author":2,"featured_media":161415,"comment_status":"","ping_status":"","sticky":false,"template":"","format":"standard","meta":{"footnotes":""},"categories":[2816],"tags":[1111,11,1777,674,1011,27,14574,3478,1652,12,2680,25,1341,2312],"class_list":{"0":"post-161414","1":"post","2":"type-post","3":"status-publish","4":"format-standard","5":"has-post-thumbnail","7":"category-toulouse","8":"tag-actu","9":"tag-actualites","10":"tag-eu","11":"tag-europe","12":"tag-fr","13":"tag-france","14":"tag-guinguettes-a-toulouse","15":"tag-le-bikini","16":"tag-loisirs-culture","17":"tag-news","18":"tag-occitanie","19":"tag-republique-francaise","20":"tag-sortir-a-toulouse","21":"tag-toulouse"},"share_on_mastodon":{"url":"https:\/\/pubeurope.com\/@fr\/114648971144061646","error":""},"_links":{"self":[{"href":"https:\/\/www.europesays.com\/fr\/wp-json\/wp\/v2\/posts\/161414","targetHints":{"allow":["GET"]}}],"collection":[{"href":"https:\/\/www.europesays.com\/fr\/wp-json\/wp\/v2\/posts"}],"about":[{"href":"https:\/\/www.europesays.com\/fr\/wp-json\/wp\/v2\/types\/post"}],"author":[{"embeddable":true,"href":"https:\/\/www.europesays.com\/fr\/wp-json\/wp\/v2\/users\/2"}],"replies":[{"embeddable":true,"href":"https:\/\/www.europesays.com\/fr\/wp-json\/wp\/v2\/comments?post=161414"}],"version-history":[{"count":0,"href":"https:\/\/www.europesays.com\/fr\/wp-json\/wp\/v2\/posts\/161414\/revisions"}],"wp:featuredmedia":[{"embeddable":true,"href":"https:\/\/www.europesays.com\/fr\/wp-json\/wp\/v2\/media\/161415"}],"wp:attachment":[{"href":"https:\/\/www.europesays.com\/fr\/wp-json\/wp\/v2\/media?parent=161414"}],"wp:term":[{"taxonomy":"category","embeddable":true,"href":"https:\/\/www.europesays.com\/fr\/wp-json\/wp\/v2\/categories?post=161414"},{"taxonomy":"post_tag","embeddable":true,"href":"https:\/\/www.europesays.com\/fr\/wp-json\/wp\/v2\/tags?post=161414"}],"curies":[{"name":"wp","href":"https:\/\/api.w.org\/{rel}","templated":true}]}}