{"id":161422,"date":"2025-06-08T17:45:10","date_gmt":"2025-06-08T17:45:10","guid":{"rendered":"https:\/\/www.europesays.com\/fr\/161422\/"},"modified":"2025-06-08T17:45:10","modified_gmt":"2025-06-08T17:45:10","slug":"metropole-de-lyon-le-plus-grand-papillon-deurope-observe-dans-cette-commune-de-louest-lyonnais","status":"publish","type":"post","link":"https:\/\/www.europesays.com\/fr\/161422\/","title":{"rendered":"M\u00e9tropole de Lyon. Le plus grand papillon d\u2019Europe observ\u00e9 dans cette commune de l&rsquo;Ouest lyonnais"},"content":{"rendered":"<p>\u00ab Une belle surprise \u00bb, assure aujourd\u2019hui Daniel Beuzit qui, le 11 mai dernier, d\u00e9couvrait au petit matin pos\u00e9 sur la pelouse fleurie de son jardin un papillon mesurant \u00ab un peu plus de 16 cm \u00bb : un grand paon de nuit. Une esp\u00e8ce consid\u00e9r\u00e9e par les l\u00e9pidopt\u00e9ristes comme la plus grande d\u2019Europe.<\/p>\n<p>\u00ab Il n\u2019y a qu\u2019une g\u00e9n\u00e9ration par an, dont les adultes ou imago \u00e9mergent au milieu du printemps. Cette observation n\u2019est pas tr\u00e8s surprenante, c\u2019est la bonne p\u00e9riode. Ils passent la journ\u00e9e plut\u00f4t \u00e0 couvert mais lorsque ce n\u2019est pas le cas, on peut difficilement rater une telle merveille \u00bb, commente Jean-Pierre Moussus, professeur agr\u00e9g\u00e9 de biologie \u00e0 l\u2019ENS-Lyon et auteur de plusieurs livres sur les papillons.<\/p>\n<p>Une esp\u00e8ce qui se cache la journ\u00e9e<\/p>\n<p>\u00ab Cela fait 40 ans que je vis \u00e0&#8230;<\/p>\n","protected":false},"excerpt":{"rendered":"\u00ab Une belle surprise \u00bb, assure aujourd\u2019hui Daniel Beuzit qui, le 11 mai dernier, d\u00e9couvrait au petit matin&hellip;\n","protected":false},"author":2,"featured_media":161423,"comment_status":"","ping_status":"","sticky":false,"template":"","format":"standard","meta":{"footnotes":""},"categories":[1889],"tags":[1111,11,1867,2430,29359,3153,1777,674,1011,27,1757,2428,12,25,2429,104,20284],"class_list":{"0":"post-161422","1":"post","2":"type-post","3":"status-publish","4":"format-standard","5":"has-post-thumbnail","7":"category-lyon","8":"tag-actu","9":"tag-actualites","10":"tag-animaux","11":"tag-auvergne-rhone-alpes","12":"tag-dardilly","13":"tag-edition-ouest-lyonnais","14":"tag-eu","15":"tag-europe","16":"tag-fr","17":"tag-france","18":"tag-insolite","19":"tag-lyon","20":"tag-news","21":"tag-republique-francaise","22":"tag-rhone","23":"tag-societe","24":"tag-tassin-la-demi-lune-bassin"},"share_on_mastodon":{"url":"https:\/\/pubeurope.com\/@fr\/114648994465632768","error":""},"_links":{"self":[{"href":"https:\/\/www.europesays.com\/fr\/wp-json\/wp\/v2\/posts\/161422","targetHints":{"allow":["GET"]}}],"collection":[{"href":"https:\/\/www.europesays.com\/fr\/wp-json\/wp\/v2\/posts"}],"about":[{"href":"https:\/\/www.europesays.com\/fr\/wp-json\/wp\/v2\/types\/post"}],"author":[{"embeddable":true,"href":"https:\/\/www.europesays.com\/fr\/wp-json\/wp\/v2\/users\/2"}],"replies":[{"embeddable":true,"href":"https:\/\/www.europesays.com\/fr\/wp-json\/wp\/v2\/comments?post=161422"}],"version-history":[{"count":0,"href":"https:\/\/www.europesays.com\/fr\/wp-json\/wp\/v2\/posts\/161422\/revisions"}],"wp:featuredmedia":[{"embeddable":true,"href":"https:\/\/www.europesays.com\/fr\/wp-json\/wp\/v2\/media\/161423"}],"wp:attachment":[{"href":"https:\/\/www.europesays.com\/fr\/wp-json\/wp\/v2\/media?parent=161422"}],"wp:term":[{"taxonomy":"category","embeddable":true,"href":"https:\/\/www.europesays.com\/fr\/wp-json\/wp\/v2\/categories?post=161422"},{"taxonomy":"post_tag","embeddable":true,"href":"https:\/\/www.europesays.com\/fr\/wp-json\/wp\/v2\/tags?post=161422"}],"curies":[{"name":"wp","href":"https:\/\/api.w.org\/{rel}","templated":true}]}}