{"id":161424,"date":"2025-06-08T17:46:14","date_gmt":"2025-06-08T17:46:14","guid":{"rendered":"https:\/\/www.europesays.com\/fr\/161424\/"},"modified":"2025-06-08T17:46:14","modified_gmt":"2025-06-08T17:46:14","slug":"un-festival-pour-decouvrir-les-musiques-du-monde","status":"publish","type":"post","link":"https:\/\/www.europesays.com\/fr\/161424\/","title":{"rendered":"un festival pour d\u00e9couvrir les musiques du monde"},"content":{"rendered":"<p>Organis\u00e9 par le Centre des Musiques Traditionnelles Rh\u00f4ne-Alpes (CMTRA) et son r\u00e9seau, cet \u00e9v\u00e9nement gratuit fait r\u00e9sonner les musiques du monde dans toute leur richesse et diversit\u00e9.<\/p>\n<p>V\u00e9ritable c\u00e9l\u00e9bration des cultures vivantes, So\u00efo Mundo invite petits et grands \u00e0 une immersion festive et collective. Port\u00e9 par des valeurs d\u2019inclusion et de transmission, le festival valorise des musiques souvent invisibilis\u00e9es, accompagne la cr\u00e9ation issue de l\u2019oralit\u00e9 et tisse des ponts entre g\u00e9n\u00e9rations et cultures.<\/p>\n<p>\u00ab\u00a0Nous savons qu\u2019en&#8230;<\/p>\n","protected":false},"excerpt":{"rendered":"Organis\u00e9 par le Centre des Musiques Traditionnelles Rh\u00f4ne-Alpes (CMTRA) et son r\u00e9seau, cet \u00e9v\u00e9nement gratuit fait r\u00e9sonner les&hellip;\n","protected":false},"author":2,"featured_media":161425,"comment_status":"","ping_status":"","sticky":false,"template":"","format":"standard","meta":{"footnotes":""},"categories":[1889],"tags":[1111,11,2430,1687,2757,1777,674,1011,27,2428,5947,5946,873,12,25],"class_list":{"0":"post-161424","1":"post","2":"type-post","3":"status-publish","4":"format-standard","5":"has-post-thumbnail","7":"category-lyon","8":"tag-actu","9":"tag-actualites","10":"tag-auvergne-rhone-alpes","11":"tag-culture-loisirs","12":"tag-edition-lyon-villeurbanne","13":"tag-eu","14":"tag-europe","15":"tag-fr","16":"tag-france","17":"tag-lyon","18":"tag-lyon-7e","19":"tag-lyon-7e-arrondissement","20":"tag-musique","21":"tag-news","22":"tag-republique-francaise"},"share_on_mastodon":{"url":"https:\/\/pubeurope.com\/@fr\/114648998389760358","error":""},"_links":{"self":[{"href":"https:\/\/www.europesays.com\/fr\/wp-json\/wp\/v2\/posts\/161424","targetHints":{"allow":["GET"]}}],"collection":[{"href":"https:\/\/www.europesays.com\/fr\/wp-json\/wp\/v2\/posts"}],"about":[{"href":"https:\/\/www.europesays.com\/fr\/wp-json\/wp\/v2\/types\/post"}],"author":[{"embeddable":true,"href":"https:\/\/www.europesays.com\/fr\/wp-json\/wp\/v2\/users\/2"}],"replies":[{"embeddable":true,"href":"https:\/\/www.europesays.com\/fr\/wp-json\/wp\/v2\/comments?post=161424"}],"version-history":[{"count":0,"href":"https:\/\/www.europesays.com\/fr\/wp-json\/wp\/v2\/posts\/161424\/revisions"}],"wp:featuredmedia":[{"embeddable":true,"href":"https:\/\/www.europesays.com\/fr\/wp-json\/wp\/v2\/media\/161425"}],"wp:attachment":[{"href":"https:\/\/www.europesays.com\/fr\/wp-json\/wp\/v2\/media?parent=161424"}],"wp:term":[{"taxonomy":"category","embeddable":true,"href":"https:\/\/www.europesays.com\/fr\/wp-json\/wp\/v2\/categories?post=161424"},{"taxonomy":"post_tag","embeddable":true,"href":"https:\/\/www.europesays.com\/fr\/wp-json\/wp\/v2\/tags?post=161424"}],"curies":[{"name":"wp","href":"https:\/\/api.w.org\/{rel}","templated":true}]}}