{"id":161433,"date":"2025-06-08T17:53:09","date_gmt":"2025-06-08T17:53:09","guid":{"rendered":"https:\/\/www.europesays.com\/fr\/161433\/"},"modified":"2025-06-08T17:53:09","modified_gmt":"2025-06-08T17:53:09","slug":"les-forces-russes-ont-atteint-la-region-de-dnipro-selon-moscou-kyiv-dement","status":"publish","type":"post","link":"https:\/\/www.europesays.com\/fr\/161433\/","title":{"rendered":"Les forces russes ont atteint la r\u00e9gion de Dnipro, selon Moscou, Kyiv d\u00e9ment"},"content":{"rendered":"<p>Le minist\u00e8re russe de la D\u00e9fense a d\u00e9clar\u00e9 dimanche que ses forces avaient atteint la limite occidentale de la r\u00e9gion de Donetsk, l&rsquo;une des quatre provinces ill\u00e9galement annex\u00e9es par la Russie en 2022, et que les troupes \u00ab\u00a0d\u00e9veloppaient l&rsquo;offensive\u00a0\u00bb dans la r\u00e9gion voisine de Dnipro.<\/p>\n<p>Ce serait la premi\u00e8re fois que les troupes russes p\u00e9n\u00e8trent dans la r\u00e9gion depuis le d\u00e9but de la guerre, qui dure depuis plus de trois ans.<\/p>\n<p>L&rsquo;Ukraine a d\u00e9menti cette affirmation. Selon le porte-parole de l&rsquo;\u00e9tat-major g\u00e9n\u00e9ral, le major Andriy Kovalev, \u00ab\u00a0ces informations sont fausses. Les combats se poursuivent dans la r\u00e9gion de Donetsk. L&rsquo;ennemi n&rsquo;est pas entr\u00e9 dans la r\u00e9gion de Dnipro.\u00a0\u00bb<\/p>\n<p>Dans le m\u00eame temps, les Forces de d\u00e9fense du Sud de l&rsquo;Ukraine ont publi\u00e9 leur d\u00e9claration indiquant que les d\u00e9tachements russes n&rsquo;abandonnent pas leur intention d&rsquo;entrer dans la r\u00e9gion de Dnipro, mais que les Ukrainiens \u00ab\u00a0tiennent courageusement et professionnellement leur ligne de front, d\u00e9jouant les plans de l&rsquo;occupant\u00a0\u00bb.<\/p>\n<p>Des analystes des donn\u00e9es ouvertes, comme Deepstate, confirment des combats \u00e0 des centaines de m\u00e8tres de la fronti\u00e8re de la r\u00e9gion de Dnipro.<\/p>\n<p>L&rsquo;avanc\u00e9e de la Russie constituerait un revers important pour les forces ukrainiennes d\u00e9j\u00e0 tr\u00e8s sollicit\u00e9es, alors que les pourparlers de paix sont toujours dans l&rsquo;impasse et que les troupes russes ont r\u00e9alis\u00e9 des gains marginaux ailleurs.<\/p>\n<p>Les forces de Poutine semblent \u00e9galement se trouver \u00e0 quelques kilom\u00e8tres de la ville de Soumy, trois ans apr\u00e8s que l&rsquo;Ukraine les a chass\u00e9es de cette r\u00e9gion septentrionale.<\/p>\n<p><strong>Zelensky : Nous sommes tr\u00e8s proches du moment o\u00f9 nous pourrons forcer la Russie \u00e0 mettre fin \u00e0 la guerre<\/strong><\/p>\n<p>Le pr\u00e9sident ukrainien Volodymyr Zelensky est convaincu que l&rsquo;Ukraine et ses alli\u00e9s sont tr\u00e8s proches du point o\u00f9 ils peuvent forcer la Russie \u00e0 mettre fin \u00e0 la guerre, ou du moins \u00e0 l&rsquo;arr\u00eater. Pour cela, les \u00c9tats-Unis doivent imposer des sanctions s\u00e9v\u00e8res \u00e0 la Russie, a-t-il d\u00e9clar\u00e9 dans un entretien avec ABC News, dont la vid\u00e9o int\u00e9grale a \u00e9t\u00e9 diffus\u00e9e par le service de presse pr\u00e9sidentiel.<\/p>\n<blockquote data-src=\"https:\/\/www.youtube.com\/embed\/d7gSoZ0_M8E\"><\/blockquote>\n<p>\u00ab\u00a0Nous sommes tr\u00e8s proches. Nous avons besoin d&rsquo;une aide importante des \u00c9tats-Unis, les \u00c9tats-Unis ont besoin de s&rsquo;unir \u00e0 l&rsquo;Europe, et nous devons continuer \u00e0 faire pression sur Poutine. Il ne veut pas mettre fin \u00e0 la guerre, mais il peut y mettre fin gr\u00e2ce \u00e0 la pression de ses partenaires. \u00c0 mon avis, cela nous offre une chance. Et cela ne semble absolument pas pessimiste, je parle de la r\u00e9alit\u00e9.\u00bb<\/p>\n<p>Interrog\u00e9 sur l&rsquo;intention de Trump d&rsquo;imposer des sanctions \u00e0 la Russie, Zelensky a d\u00e9clar\u00e9\u00a0: \u00ab\u00a0Il est le dirigeant des \u00c9tats-Unis d&rsquo;Am\u00e9rique, il doit le faire. J&rsquo;esp\u00e8re et nous sommes convaincus que les \u00c9tats-Unis sont le leader du monde civilis\u00e9.\u00a0\u00bb<\/p>\n","protected":false},"excerpt":{"rendered":"Le minist\u00e8re russe de la D\u00e9fense a d\u00e9clar\u00e9 dimanche que ses forces avaient atteint la limite occidentale de&hellip;\n","protected":false},"author":2,"featured_media":161434,"comment_status":"","ping_status":"","sticky":false,"template":"","format":"standard","meta":{"footnotes":""},"categories":[1591],"tags":[11,1866,1887,18720,2794,2489,12,1885,1886,132],"class_list":{"0":"post-161433","1":"post","2":"type-post","3":"status-publish","4":"format-standard","5":"has-post-thumbnail","7":"category-russie","8":"tag-actualites","9":"tag-etats-unis-damerique","10":"tag-federation-de-russie","11":"tag-forces","12":"tag-la-region","13":"tag-la-russie","14":"tag-news","15":"tag-russia","16":"tag-russian-federation","17":"tag-russie"},"share_on_mastodon":{"url":"https:\/\/pubeurope.com\/@fr\/114649026308070828","error":""},"_links":{"self":[{"href":"https:\/\/www.europesays.com\/fr\/wp-json\/wp\/v2\/posts\/161433","targetHints":{"allow":["GET"]}}],"collection":[{"href":"https:\/\/www.europesays.com\/fr\/wp-json\/wp\/v2\/posts"}],"about":[{"href":"https:\/\/www.europesays.com\/fr\/wp-json\/wp\/v2\/types\/post"}],"author":[{"embeddable":true,"href":"https:\/\/www.europesays.com\/fr\/wp-json\/wp\/v2\/users\/2"}],"replies":[{"embeddable":true,"href":"https:\/\/www.europesays.com\/fr\/wp-json\/wp\/v2\/comments?post=161433"}],"version-history":[{"count":0,"href":"https:\/\/www.europesays.com\/fr\/wp-json\/wp\/v2\/posts\/161433\/revisions"}],"wp:featuredmedia":[{"embeddable":true,"href":"https:\/\/www.europesays.com\/fr\/wp-json\/wp\/v2\/media\/161434"}],"wp:attachment":[{"href":"https:\/\/www.europesays.com\/fr\/wp-json\/wp\/v2\/media?parent=161433"}],"wp:term":[{"taxonomy":"category","embeddable":true,"href":"https:\/\/www.europesays.com\/fr\/wp-json\/wp\/v2\/categories?post=161433"},{"taxonomy":"post_tag","embeddable":true,"href":"https:\/\/www.europesays.com\/fr\/wp-json\/wp\/v2\/tags?post=161433"}],"curies":[{"name":"wp","href":"https:\/\/api.w.org\/{rel}","templated":true}]}}