{"id":161438,"date":"2025-06-08T17:56:09","date_gmt":"2025-06-08T17:56:09","guid":{"rendered":"https:\/\/www.europesays.com\/fr\/161438\/"},"modified":"2025-06-08T17:56:09","modified_gmt":"2025-06-08T17:56:09","slug":"le-royaume-uni-veut-etendre-son-interdiction-du-chalutage-de-fond-dans-les-aires-marines-protegees","status":"publish","type":"post","link":"https:\/\/www.europesays.com\/fr\/161438\/","title":{"rendered":"Le Royaume-Uni veut \u00e9tendre son interdiction du chalutage de fond dans les aires marines prot\u00e9g\u00e9es"},"content":{"rendered":"<p>Le Royaume-Uni va annoncer, lundi, son intention d\u2019\u00e9tendre l\u2019interdiction du chalutage de fond \u00e0 plus de la moiti\u00e9 des aires marines prot\u00e9g\u00e9es d\u2019Angleterre, <a href=\"https:\/\/www.letelegramme.fr\/economie\/mer\/cette-conference-doit-marquer-un-tournant-en-termes-dambition-a-nice-une-planete-divisee-au-chevet-des-oceans-6831856.php\" rel=\"nofollow noopener\" target=\"_blank\">\u00e0 l\u2019occasion de la Conf\u00e9rence des Nations unies sur l\u2019oc\u00e9an<\/a>, \u00e0 Nice, a indiqu\u00e9, ce dimanche, le ministre de l\u2019Environnement. \u00ab\u00a0(Lundi), j\u2019annoncerai le projet du gouvernement d\u2019interdire le chalutage de fond dans 41 zones prot\u00e9g\u00e9es des mers anglaises, couvrant une superficie de 30\u00a0000 kilom\u00e8tres carr\u00e9s\u00a0\u00bb, a d\u00e9clar\u00e9 Steve Reed <a href=\"https:\/\/observer.co.uk\/news\/oceans\/article\/overdue-ban-will-benefit-all-of-us\" rel=\"nofollow noopener\" target=\"_blank\">dans une tribune publi\u00e9e dans le journal The Observer<\/a>.<\/p>\n<p>\u00ab\u00a0Le chalutage de fond d\u00e9truit les zones les plus vuln\u00e9rables de nos oc\u00e9ans (\u2026). Son impact est stup\u00e9fiant, causant des dommages incalculables non seulement aux fonds marins, cens\u00e9s \u00eatre prot\u00e9g\u00e9s, mais aussi \u00e0 la nature tout enti\u00e8re\u00a0\u00bb, a d\u00e9fendu le ministre, sans donner de calendrier pour une potentielle entr\u00e9e en vigueur de cette interdiction.<\/p>\n<p>Une pratique d\u00e9cri\u00e9e par les ONG<\/p>\n<p>Il y a, \u00e0 ce jour, 181 aires marines prot\u00e9g\u00e9es (AMP) en Angleterre, qui s\u2019\u00e9tendent sur une superficie de 93\u00a0000 kilom\u00e8tres carr\u00e9s, soit 40\u00a0% des mers anglaises. Le chalutage de fond, qui consiste \u00e0 racler les fonds marins avec un gigantesque filet pour remonter poissons et crustac\u00e9s, est actuellement banni sur 18\u00a0000 kilom\u00e8tres carr\u00e9s d\u2019aires marines prot\u00e9g\u00e9es, un chiffre qui monterait \u00e0 48\u00a0000 km2 avec le plan du gouvernement.<\/p>\n<p>Cette pratique, d\u00e9cri\u00e9e par les ONG pour son impact environnemental, est l\u2019un des sujets phares de la conf\u00e9rence des Nations unies sur l\u2019oc\u00e9an qui s\u2019ouvre lundi, \u00e0 Nice. Elle repr\u00e9sente environ un quart de la p\u00eache sauvage mondiale, selon l\u2019observatoire Global Fishing Watch.<\/p>\n<p>L\u2019UE appelle \u00e0 y mettre fin \u00e0 l\u2019horizon 2030<\/p>\n<p>Steve Reed a promis, ce dimanche, qu\u2019il soutiendrait la \u00ab\u00a0transition\u00a0\u00bb de l\u2019industrie de la p\u00eache, affect\u00e9e par l\u2019\u00e9largissement de cette interdiction, vers \u00ab\u00a0des mod\u00e8les plus durables, meilleurs pour les communaut\u00e9s de p\u00eacheurs et la sant\u00e9 de nos mers\u00a0\u00bb.<\/p>\n<p>Des restrictions ou interdictions du chalutage de fond existent d\u00e9j\u00e0 dans certaines zones prot\u00e9g\u00e9es dans le monde, par exemple aux \u00c9tats-Unis, en Australie, au Canada ou au Br\u00e9sil. <a href=\"https:\/\/www.letelegramme.fr\/environnement\/protection-des-oceans-quelles-sont-les-mesures-envisagees-par-lunion-europeenne-6830557.php\" rel=\"nofollow noopener\" target=\"_blank\">L\u2019Union europ\u00e9enne, qui a publi\u00e9, jeudi, sa strat\u00e9gie pour mieux prot\u00e9ger les oc\u00e9ans<\/a>, s\u2019en tient, elle, pour l\u2019instant, \u00e0 une simple recommandation, appelant \u00e0 mettre fin \u00e0 cette pratique \u00e0 l\u2019horizon 2030 dans les aires prot\u00e9g\u00e9es.<\/p>\n","protected":false},"excerpt":{"rendered":"Le Royaume-Uni va annoncer, lundi, son intention d\u2019\u00e9tendre l\u2019interdiction du chalutage de fond \u00e0 plus de la moiti\u00e9&hellip;\n","protected":false},"author":2,"featured_media":161439,"comment_status":"","ping_status":"","sticky":false,"template":"","format":"standard","meta":{"footnotes":""},"categories":[1588],"tags":[11,33,1777,674,6127,12,473,1853,1851,1850,1852],"class_list":{"0":"post-161438","1":"post","2":"type-post","3":"status-publish","4":"format-standard","5":"has-post-thumbnail","7":"category-royaume-uni","8":"tag-actualites","9":"tag-economie","10":"tag-eu","11":"tag-europe","12":"tag-mer","13":"tag-news","14":"tag-royaume-uni","15":"tag-royaume-uni-de-grande-bretagne-et-dirlande-du-nord","16":"tag-uk","17":"tag-united-kingdom","18":"tag-united-kingdom-of-great-britain-and-northern-ireland"},"share_on_mastodon":{"url":"https:\/\/pubeurope.com\/@fr\/114649037869982461","error":""},"_links":{"self":[{"href":"https:\/\/www.europesays.com\/fr\/wp-json\/wp\/v2\/posts\/161438","targetHints":{"allow":["GET"]}}],"collection":[{"href":"https:\/\/www.europesays.com\/fr\/wp-json\/wp\/v2\/posts"}],"about":[{"href":"https:\/\/www.europesays.com\/fr\/wp-json\/wp\/v2\/types\/post"}],"author":[{"embeddable":true,"href":"https:\/\/www.europesays.com\/fr\/wp-json\/wp\/v2\/users\/2"}],"replies":[{"embeddable":true,"href":"https:\/\/www.europesays.com\/fr\/wp-json\/wp\/v2\/comments?post=161438"}],"version-history":[{"count":0,"href":"https:\/\/www.europesays.com\/fr\/wp-json\/wp\/v2\/posts\/161438\/revisions"}],"wp:featuredmedia":[{"embeddable":true,"href":"https:\/\/www.europesays.com\/fr\/wp-json\/wp\/v2\/media\/161439"}],"wp:attachment":[{"href":"https:\/\/www.europesays.com\/fr\/wp-json\/wp\/v2\/media?parent=161438"}],"wp:term":[{"taxonomy":"category","embeddable":true,"href":"https:\/\/www.europesays.com\/fr\/wp-json\/wp\/v2\/categories?post=161438"},{"taxonomy":"post_tag","embeddable":true,"href":"https:\/\/www.europesays.com\/fr\/wp-json\/wp\/v2\/tags?post=161438"}],"curies":[{"name":"wp","href":"https:\/\/api.w.org\/{rel}","templated":true}]}}