{"id":161440,"date":"2025-06-08T17:57:12","date_gmt":"2025-06-08T17:57:12","guid":{"rendered":"https:\/\/www.europesays.com\/fr\/161440\/"},"modified":"2025-06-08T17:57:12","modified_gmt":"2025-06-08T17:57:12","slug":"football-didier-deschamps-apres-allemagne","status":"publish","type":"post","link":"https:\/\/www.europesays.com\/fr\/161440\/","title":{"rendered":"Football. Didier Deschamps apr\u00e8s Allemagne"},"content":{"rendered":"<p>Ce contenu est bloqu\u00e9 car vous n&rsquo;avez pas accept\u00e9 les cookies et autres traceurs.<\/p>\n<p>En cliquant sur \u00ab J\u2019accepte \u00bb, les cookies et autres traceurs seront d\u00e9pos\u00e9s et vous pourrez visualiser les contenus  (<a href=\"\" class=\"consentModule_policy\" target=\"_blank\" title=\"Consulter la politique de protection des donn\u00e9es du fournisseur\">plus d&rsquo;informations<\/a>).<\/p>\n<p>En cliquant sur \u00ab J\u2019accepte tous les cookies \u00bb, vous autorisez des d\u00e9p\u00f4ts de cookies et autres traceurs pour le stockage de vos donn\u00e9es sur nos sites et applications \u00e0 des fins de personnalisation et de ciblage publicitaire.<\/p>\n<p class=\"consentModule_secondaryText\">Vous gardez la possibilit\u00e9 de retirer votre consentement \u00e0 tout moment en consultant notre <a href=\"https:\/\/www.ledauphine.com\/protection-des-donnees\" target=\"_blank\" title=\"Consulter notre politique de protection des donn\u00e9es\" rel=\"noopener\">politique de protection des donn\u00e9es<\/a>. <br \/>&#13;<br \/>\n            <a href=\"https:\/\/www.ledauphine.com\/sport\/2025\/06\/08\/javascript:Didomi.notice.show()\" class=\"consentModule_cmp\" target=\"_blank\" rel=\"noopener\">G\u00e9rer mes choix<\/a>&#13;\n        <\/p>\n<p>&#13;<br \/>\n                        J&rsquo;accepte&#13;<br \/>\n            J&rsquo;accepte tous les cookies&#13;\n        <\/p>\n<p>\u00ab\u00a0Je lui parle beaucoup, il a un caract\u00e8re introverti et r\u00e9serv\u00e9, je pense que (Vincent) Kompany (le coach du Bayern Munich, NDLR) lui parle beaucoup aussi. Il est dans une phase de progression qui demandera confirmation. C\u2019est un grand professionnel, il est au d\u00e9but, mais il a un tr\u00e8s bel avenir devant lui.\u00a0\u00bb<\/p>\n<p>La pertinence du dispositif en 4-2-3-1<\/p>\n<p>\u00ab\u00a0C\u2019est toujours une question d\u2019\u00e9quilibre. Je pr\u00e9f\u00e8re gagner 5-4 que 1-0. Si on a le ballon, il n\u2019y a pas de probl\u00e8me. Je ne vais pas me priver des joueurs offensifs, car j\u2019en ai beaucoup. Mais cela demande des corrections. Aujourd\u2019hui, par exemple, tous les joueurs n\u2019\u00e9voluaient pas forc\u00e9ment \u00e0 leurs postes. Pour l\u2019adversaire, aussi, quand il voit le type de joueurs qu\u2019on a offensivement, c\u2019est probl\u00e9matique pour lui. Il faut trouver le juste milieu. Il faut moins exposer notre d\u00e9fense quand on n\u2019a pas le ballon. Mike (Maignan) a \u00e9t\u00e9 un rempart magnifique qui nous a maintenus dans le match. Cela ne nous a pas emp\u00each\u00e9s de faire mieux les choses en seconde p\u00e9riode. Quand je fais une \u00e9quipe, c\u2019est pour qu\u2019elle soit la plus dangereuse pour l\u2019adversaire.<\/p>\n<p>  Quel bilan tirer du Final Four\u00a0?<\/p>\n<p>\u00ab\u00a0Il y a du potentiel avec cette qualit\u00e9, un excellent \u00e9tat d\u2019esprit. <a href=\"https:\/\/www.ledauphine.com\/sport\/2025\/06\/05\/proche-de-la-remontada-la-france-eliminee-aux-portes-de-la-finale-de-ligue-des-nations\" target=\"_blank\" rel=\"noopener\">J\u2019aurais aim\u00e9 avoir toutes nos forces \u00e0 disposition contre l\u2019Espagne<\/a>, sans savoir comme \u00e7a se serait pass\u00e9, mais j\u2019aurais aim\u00e9. C\u2019est toujours bien de finir la saison sportive sur une victoire en battant l\u2019Allemagne chez elle. C\u2019est important, car il y a aussi beaucoup de jeunes. Il y a tout ce qu\u2019il faut pour qu\u2019on continue. J\u2019ai le mat\u00e9riel pour \u00eatre encore plus performant.\u00a0\u00bb<\/p>\n<p>\u00ab <a href=\"https:\/\/www.leprogres.fr\/sport\/2025\/06\/05\/cherki-a-fait-une-entree-fracassante-avec-les-bleus\" target=\"_blank\" rel=\"noopener\">Contre l\u2019Espagne, il a \u00e9t\u00e9 rayonnant dans notre bonne p\u00e9riode<\/a>. Aujourd\u2019hui, il a fait des bonnes choses, d\u2019autres moins bonnes, avec des pertes de balle. Il a besoin d\u2019\u00eatre au c\u0153ur du jeu. Apr\u00e8s, tout d\u00e9pend de l\u2019adversit\u00e9. Il d\u00e9gage plein de joie, il est heureux d\u2019\u00eatre l\u00e0. Il a cette capacit\u00e9 d\u2019\u00e9liminer, de faire des passes justes. Si tous les joueurs \u00e0 leur premier appel en \u00e9quipe nationale faisaient la m\u00eame chose\u2026 Cela demande de la continuit\u00e9.\u00a0\u00bb<\/p>\n<p>  Une Ligue des nations enrichissante<\/p>\n<p>\u00ab\u00a0Les certitudes sont vite balay\u00e9es. Dans l\u2019analyse, il y a du positif et du n\u00e9gatif. J\u2019\u00e9tais convaincu que c\u2019\u00e9tait le moment (d\u2019essayer de nouveaux joueurs), de r\u00e9partir le temps de jeu. Tout d\u00e9pend de ce que feront les joueurs (la saison prochaine). L\u2019analyse peut \u00eatre positive \u00e0 un moment M ou n\u00e9gative, \u00e7a peut \u00e9voluer aussi. \u00c7a nous donne des \u00e9l\u00e9ments de r\u00e9ponse. Je suis s\u00fbr que la Ligue des nations a \u00e9t\u00e9 tr\u00e8s utile. Les joueurs sont suffisamment lucides entre ceux qui sont l\u00e0 et ceux qui pourraient y \u00eatre, les places deviennent tr\u00e8s ch\u00e8res. C\u2019est \u00e0 eux \u00e0 travers ce qu\u2019ils font avec nous et ce qu\u2019ils font en club (de tout faire pour \u00eatre appel\u00e9s en s\u00e9lection).\u00a0\u00bb<\/p>\n","protected":false},"excerpt":{"rendered":"Ce contenu est bloqu\u00e9 car vous n&rsquo;avez pas accept\u00e9 les cookies et autres traceurs. En cliquant sur \u00ab&hellip;\n","protected":false},"author":2,"featured_media":161441,"comment_status":"","ping_status":"","sticky":false,"template":"","format":"standard","meta":{"footnotes":""},"categories":[1587],"tags":[11,672,1804,1805,1803,6713,1777,674,107,63,1801,12,1802,517,1947],"class_list":{"0":"post-161440","1":"post","2":"type-post","3":"status-publish","4":"format-standard","5":"has-post-thumbnail","7":"category-allemagne","8":"tag-actualites","9":"tag-allemagne","10":"tag-bundesrepublik-deutschland","11":"tag-de","12":"tag-deutschland","13":"tag-equipe-de-france-de-football","14":"tag-eu","15":"tag-europe","16":"tag-fil-info","17":"tag-football","18":"tag-germany","19":"tag-news","20":"tag-republique-federale-dallemagne","21":"tag-sport","22":"tag-sport-national"},"share_on_mastodon":{"url":"https:\/\/pubeurope.com\/@fr\/114649041680266159","error":""},"_links":{"self":[{"href":"https:\/\/www.europesays.com\/fr\/wp-json\/wp\/v2\/posts\/161440","targetHints":{"allow":["GET"]}}],"collection":[{"href":"https:\/\/www.europesays.com\/fr\/wp-json\/wp\/v2\/posts"}],"about":[{"href":"https:\/\/www.europesays.com\/fr\/wp-json\/wp\/v2\/types\/post"}],"author":[{"embeddable":true,"href":"https:\/\/www.europesays.com\/fr\/wp-json\/wp\/v2\/users\/2"}],"replies":[{"embeddable":true,"href":"https:\/\/www.europesays.com\/fr\/wp-json\/wp\/v2\/comments?post=161440"}],"version-history":[{"count":0,"href":"https:\/\/www.europesays.com\/fr\/wp-json\/wp\/v2\/posts\/161440\/revisions"}],"wp:featuredmedia":[{"embeddable":true,"href":"https:\/\/www.europesays.com\/fr\/wp-json\/wp\/v2\/media\/161441"}],"wp:attachment":[{"href":"https:\/\/www.europesays.com\/fr\/wp-json\/wp\/v2\/media?parent=161440"}],"wp:term":[{"taxonomy":"category","embeddable":true,"href":"https:\/\/www.europesays.com\/fr\/wp-json\/wp\/v2\/categories?post=161440"},{"taxonomy":"post_tag","embeddable":true,"href":"https:\/\/www.europesays.com\/fr\/wp-json\/wp\/v2\/tags?post=161440"}],"curies":[{"name":"wp","href":"https:\/\/api.w.org\/{rel}","templated":true}]}}