{"id":161466,"date":"2025-06-08T18:13:15","date_gmt":"2025-06-08T18:13:15","guid":{"rendered":"https:\/\/www.europesays.com\/fr\/161466\/"},"modified":"2025-06-08T18:13:15","modified_gmt":"2025-06-08T18:13:15","slug":"senegal-premier-symposium-des-architectes-africains-a-dakar","status":"publish","type":"post","link":"https:\/\/www.europesays.com\/fr\/161466\/","title":{"rendered":"S\u00e9n\u00e9gal: premier symposium des architectes africains \u00e0 Dakar"},"content":{"rendered":"<p>\n                                                Au S\u00e9n\u00e9gal, c\u2019\u00e9tait une premi\u00e8re, les architectes de tout le continent s\u2019\u00e9taient donn\u00e9 rendez-vous \u00e0 Dakar pour le premier symposium des architectes africains. Pendant trois jours, du 22\u00a0au 24 mai, une centaine d\u2019architectes ont buch\u00e9 sur le th\u00e8me \u00ab Repenser les villes africaines pour une perspective durable\u00a0\u00bb. \u00c0 la clef, une d\u00e9claration commune, une s\u00e9rie de recommandations aux \u00c9tats du continent pour am\u00e9liorer la qualit\u00e9 des villes.                    <\/p>\n<p>De notre correspondante \u00e0 Dakar, <\/p>\n<p>Sp\u00e9culations fonci\u00e8res, croissance galopante des villes et avec quelles solutions architecturales y faire face\u00a0? Une centaine d\u2019architectes se sont succ\u00e9d\u00e9 de table ronde en table ronde. Une rencontre in\u00e9dite, comme le rappelle Angela Mingas, architecte, venue d\u2019Angola : \u00ab C&rsquo;est la premi\u00e8re fois, c\u2019est wow, \u00e7a fait plus de 10 ans qu\u2019on ne s\u2019est pas vu et c&rsquo;est la premi\u00e8re fois en Afrique, c&rsquo;est tr\u00e8s important. \u00bb Pour elle, c\u2019est une rencontre cruciale : \u00ab Parce que les villes ont les m\u00eames probl\u00e8mes \u00e0 travers le continent, nous avons tous cette dualit\u00e9 d\u2019un centre-ville h\u00e9rit\u00e9 de la colonisation et d\u2019une p\u00e9riph\u00e9rie, m\u00eame si nous sommes diff\u00e9rents, nous partageons les m\u00eames d\u00e9fis, c\u2019est donc une opportunit\u00e9 in\u00e9dite pour \u00e9changer des connaissances. \u00bb<\/p>\n<p>Et pour Baba Seck Bali, un entrepreneur dans l\u2019immobilier venu sp\u00e9cialement <a href=\"https:\/\/www.rfi.fr\/fr\/tag\/mali\/\" target=\"_self\" rel=\"nofollow noopener\"><strong>du Mali<\/strong><\/a>, il y a urgence \u00e0 trouver des solutions communes\u00a0: \u00ab Vous imaginez comment on va vivre \u00e0 Dakar dans 20 ans, \u00e7a va \u00eatre tr\u00e8s compliqu\u00e9. Trop de monde, trop d\u2019embouteillages, trop de CO2. Le gros probl\u00e8me, c&rsquo;est la sp\u00e9culation. Malheureusement, les sp\u00e9culateurs sont toujours en avance sur les planificateurs, ce qui fait que nos villes s\u2019agrandissent dans un d\u00e9sordre total.\u00a0\u00bb<\/p>\n<p class=\"a-read-more\">\u00c0 lire aussi<a href=\"https:\/\/www.rfi.fr\/fr\/afrique\/20230608-kenya-un-projet-du-gouvernement-pour-faire-face-\u00e0-la-crise-du-logement-fait-pol\u00e9mique\" target=\"_self\" class=\"a-read-more__link\" rel=\"nofollow noopener\">L&rsquo;Afrique est le continent avec la \u00abtendance d&rsquo;urbanisation la plus rapide au monde\u00bb<\/a><\/p>\n<p>Face \u00e0 ce d\u00e9sordre et pour rattraper les erreurs de l\u2019urbanisation anarchique les architectes ont produit un m\u00e9morandum commun, une d\u00e9claration de Dakar qui veut &#8211; entre autres \u2013 corriger la s\u00e9gr\u00e9gation spatiale, h\u00e9rit\u00e9e de la colonisation, r\u00e9affirmer l\u2019importance d\u2019utiliser les solutions et connaissances architecturales du continent adapt\u00e9 au continent, mais aussi encourager les \u00c9tats \u00e0 adopter des normes de constructions plus durables.<\/p>\n<p>Exemple avec les briques de <strong><a href=\"https:\/\/www.rfi.fr\/fr\/emission\/20150910-mauritanie-lutte-contre-typha-recompensee-ong-le-gret-prix-convergences\" target=\"_self\" rel=\"nofollow noopener\">typha<\/a><\/strong>, du nom de cette plante qui pousse partout au S\u00e9n\u00e9gal. Une brique bien moins polluante que le ciment. Encore faut-il en conna\u00eetre l\u2019existence comme l\u2019explique Ernest Dione. Il codirige le bureau d\u2019\u00e9tude <strong><a href=\"https:\/\/www.biobuild-africa.com\/presentation\" target=\"_blank\" rel=\"nofollow noopener\">bio Build Africa<\/a><\/strong> \u00ab C\u2019est une innovation qui demande une reconnaissance technique qui permette un recours plus syst\u00e9matique \u00e0 ce type de brique durable comme pour la terre crue.\u00a0\u00bb<\/p>\n<p>Pour cela, il faut aussi augmenter les capacit\u00e9s de production des entreprises qui la fabrique. D\u2019\u00e9normes chantiers qui ne r\u00e9ussiront que si les \u00c9tats africains s\u2019emparent de ces recommandations formul\u00e9es par les architectes africains.<\/p>\n","protected":false},"excerpt":{"rendered":"Au S\u00e9n\u00e9gal, c\u2019\u00e9tait une premi\u00e8re, les architectes de tout le continent s\u2019\u00e9taient donn\u00e9 rendez-vous \u00e0 Dakar pour le&hellip;\n","protected":false},"author":2,"featured_media":161467,"comment_status":"","ping_status":"","sticky":false,"template":"","format":"standard","meta":{"footnotes":""},"categories":[1358],"tags":[879,29360,1348,1384,1385,1386,58,59,1011,27,12373,880],"class_list":{"0":"post-161466","1":"post","2":"type-post","3":"status-publish","4":"format-standard","5":"has-post-thumbnail","7":"category-arts-et-design","8":"tag-afrique","9":"tag-architecture-et-urbanisme","10":"tag-arts","11":"tag-arts-and-design","12":"tag-arts-et-design","13":"tag-design","14":"tag-divertissement","15":"tag-entertainment","16":"tag-fr","17":"tag-france","18":"tag-reportage-afrique","19":"tag-senegal"},"share_on_mastodon":{"url":"https:\/\/pubeurope.com\/@fr\/114649104802291484","error":""},"_links":{"self":[{"href":"https:\/\/www.europesays.com\/fr\/wp-json\/wp\/v2\/posts\/161466","targetHints":{"allow":["GET"]}}],"collection":[{"href":"https:\/\/www.europesays.com\/fr\/wp-json\/wp\/v2\/posts"}],"about":[{"href":"https:\/\/www.europesays.com\/fr\/wp-json\/wp\/v2\/types\/post"}],"author":[{"embeddable":true,"href":"https:\/\/www.europesays.com\/fr\/wp-json\/wp\/v2\/users\/2"}],"replies":[{"embeddable":true,"href":"https:\/\/www.europesays.com\/fr\/wp-json\/wp\/v2\/comments?post=161466"}],"version-history":[{"count":0,"href":"https:\/\/www.europesays.com\/fr\/wp-json\/wp\/v2\/posts\/161466\/revisions"}],"wp:featuredmedia":[{"embeddable":true,"href":"https:\/\/www.europesays.com\/fr\/wp-json\/wp\/v2\/media\/161467"}],"wp:attachment":[{"href":"https:\/\/www.europesays.com\/fr\/wp-json\/wp\/v2\/media?parent=161466"}],"wp:term":[{"taxonomy":"category","embeddable":true,"href":"https:\/\/www.europesays.com\/fr\/wp-json\/wp\/v2\/categories?post=161466"},{"taxonomy":"post_tag","embeddable":true,"href":"https:\/\/www.europesays.com\/fr\/wp-json\/wp\/v2\/tags?post=161466"}],"curies":[{"name":"wp","href":"https:\/\/api.w.org\/{rel}","templated":true}]}}