{"id":161475,"date":"2025-06-08T18:18:09","date_gmt":"2025-06-08T18:18:09","guid":{"rendered":"https:\/\/www.europesays.com\/fr\/161475\/"},"modified":"2025-06-08T18:18:09","modified_gmt":"2025-06-08T18:18:09","slug":"agnes-47-ans-et-lalcool-en-societe","status":"publish","type":"post","link":"https:\/\/www.europesays.com\/fr\/161475\/","title":{"rendered":"Agn\u00e8s, 47 ans, et l\u2019alcool en soci\u00e9t\u00e9"},"content":{"rendered":"<p data-module=\"fig-standfirst-editorial-episode\" data-context=\"@media (min-width:48em)\"><strong>VERTIGE DE L\u2019ALCOOL &#8211; <\/strong>\u00c0 une \u00e9poque o\u00f9 nous nous questionnons de plus en plus sur notre rapport \u00e0 l\u2019alcool, nous avons recueilli les t\u00e9moignages de femmes qui ont fait le choix d\u2019assumer, de ruser, ou de lever le pied.<\/p>\n<p class=\"fig-paragraph fig-paragraph--dropped\">La honte des lendemains d\u2019ivresse est l\u2019un des sentiments que nous connaissons tous. Tous, mais surtout toutes. Car nous ne sommes pas \u00e9gaux face au jugement. Ainsi, les statistiques sont formelles\u00a0: les hommes boivent davantage, plus fr\u00e9quemment, et en plus grande quantit\u00e9 que les femmes. Et ce quel que soit l\u2019\u00e2ge ou la cat\u00e9gorie sociale repr\u00e9sent\u00e9e. Pourtant, ce sont elles que l\u2019on regarde plus volontiers \u00abde travers\u00bb, comme le souligne am\u00e8rement Agn\u00e8s, 47 ans, mari\u00e9e \u00e0 Yves depuis vingt-trois ans. De retour \u00e0 Paris apr\u00e8s plusieurs ann\u00e9es d\u2019expatriation, ils auront pris soin de reconstituer leur r\u00e9seau, quitte \u00e0 devoir faire preuve d\u2019une certaine complaisance vis-\u00e0-vis d\u2019un entourage moins ouvert d\u2019esprit. \u00abJe me souviens tr\u00e8s bien de la premi\u00e8re fois o\u00f9 j\u2019ai eu la sensation d\u2019\u00eatre \u201csurveill\u00e9e\u201d\u00bb, se souvient-elle. C\u2019\u00e9tait il y a trois ans, \u00e0 un d\u00eener entre amis, dans une maison de campagne normande, en plein mois de mai. \u00abQuelqu\u2019un avait ouvert une bouteille de Bourgogne blanc. C\u2019\u00e9tait\u2026<\/p>\n<p class=\"fig-premium-paywall__infos\">\n        Cet article est r\u00e9serv\u00e9 aux abonn\u00e9s.        Il vous reste 81% \u00e0 d\u00e9couvrir.\n    <\/p>\n<p>                <img  data- alt=\"Le Figaro\" class=\"fig-img--complete fig-img\"\/><\/p>\n<p class=\"fig-premium-paywall__title\">Vente Flash<\/p>\n<p class=\"fig-premium-paywall__subtitle\">3,99\u20ac par mois pendant 12 mois. Sans engagement.<\/p>\n<p class=\"fig-premium-paywall__connect\">\n                D\u00e9j\u00e0 abonn\u00e9\u00a0?                <a class=\"fig-premium-paywall__connect-link\" href=\"https:\/\/connect.lefigaro.fr\/login?client=madame_web&amp;type=main&amp;redirect_uri=https%3A%2F%2Fmadame.lefigaro.fr%2Fsociete%2Fmon-mari-boit-plus-que-moi-mais-c-est-toujours-moi-qu-on-regarde-de-travers-agnes-47-ans-et-l-alcool-en-societe-20250608\" data-js-gtm=\"{&quot;customCategorie&quot;: &quot;conversion&quot;, &quot;customAction&quot;: &quot;before_Landing_Connexion_paywall_auto&quot;, &quot;customLabel&quot;: &quot;bWFkYW1lLmxlZmlnYXJvLmZyX18xZjA0MjEyMS0zNTRhLTZjZDItOGZjNy00ZmYzZjgzMDE2Y2JfX0FydGljbGU=_\u00abMon mari boit plus que moi, mais c\u2019est toujours moi qu\u2019on regarde de travers\u00bb\u00a0: Agn\u00e8s, 47 ans, et l\u2019alcool en soci\u00e9t\u00e9_1000&quot;, &quot;customIDSPE&quot;: &quot;bWFkYW1lLmxlZmlnYXJvLmZyX18xZjA0MjEyMS0zNTRhLTZjZDItOGZjNy00ZmYzZjgzMDE2Y2JfX0FydGljbGU=&quot;, &quot;event&quot;: &quot;customEventSPE&quot;}\" target=\"_blank\" rel=\"noopener\"><br \/>\n                    Connectez-vous<br \/>\n                <\/a>\n            <\/p>\n","protected":false},"excerpt":{"rendered":"VERTIGE DE L\u2019ALCOOL &#8211; \u00c0 une \u00e9poque o\u00f9 nous nous questionnons de plus en plus sur notre rapport&hellip;\n","protected":false},"author":2,"featured_media":161476,"comment_status":"","ping_status":"","sticky":false,"template":"","format":"standard","meta":{"footnotes":""},"categories":[10],"tags":[29361,5702,1376,29363,1294,4651,638,1011,27,72,29365,977,1930,29364,71,104,29362],"class_list":{"0":"post-161475","1":"post","2":"type-post","3":"status-publish","4":"format-standard","5":"has-post-thumbnail","7":"category-sante","8":"tag-actu-femme","9":"tag-alcool","10":"tag-amour","11":"tag-business-femme","12":"tag-femme","13":"tag-femmes","14":"tag-figaro","15":"tag-fr","16":"tag-france","17":"tag-health","18":"tag-love","19":"tag-madame","20":"tag-mariage","21":"tag-phenomene","22":"tag-sante","23":"tag-societe","24":"tag-societe-feminine"},"share_on_mastodon":{"url":"https:\/\/pubeurope.com\/@fr\/114649124271262184","error":""},"_links":{"self":[{"href":"https:\/\/www.europesays.com\/fr\/wp-json\/wp\/v2\/posts\/161475","targetHints":{"allow":["GET"]}}],"collection":[{"href":"https:\/\/www.europesays.com\/fr\/wp-json\/wp\/v2\/posts"}],"about":[{"href":"https:\/\/www.europesays.com\/fr\/wp-json\/wp\/v2\/types\/post"}],"author":[{"embeddable":true,"href":"https:\/\/www.europesays.com\/fr\/wp-json\/wp\/v2\/users\/2"}],"replies":[{"embeddable":true,"href":"https:\/\/www.europesays.com\/fr\/wp-json\/wp\/v2\/comments?post=161475"}],"version-history":[{"count":0,"href":"https:\/\/www.europesays.com\/fr\/wp-json\/wp\/v2\/posts\/161475\/revisions"}],"wp:featuredmedia":[{"embeddable":true,"href":"https:\/\/www.europesays.com\/fr\/wp-json\/wp\/v2\/media\/161476"}],"wp:attachment":[{"href":"https:\/\/www.europesays.com\/fr\/wp-json\/wp\/v2\/media?parent=161475"}],"wp:term":[{"taxonomy":"category","embeddable":true,"href":"https:\/\/www.europesays.com\/fr\/wp-json\/wp\/v2\/categories?post=161475"},{"taxonomy":"post_tag","embeddable":true,"href":"https:\/\/www.europesays.com\/fr\/wp-json\/wp\/v2\/tags?post=161475"}],"curies":[{"name":"wp","href":"https:\/\/api.w.org\/{rel}","templated":true}]}}