{"id":161478,"date":"2025-06-08T18:20:10","date_gmt":"2025-06-08T18:20:10","guid":{"rendered":"https:\/\/www.europesays.com\/fr\/161478\/"},"modified":"2025-06-08T18:20:10","modified_gmt":"2025-06-08T18:20:10","slug":"jared-leto-accuse-de-comportement-inapproprie-par-neuf-femmes-y-compris-lorsquelles-etaient-mineures","status":"publish","type":"post","link":"https:\/\/www.europesays.com\/fr\/161478\/","title":{"rendered":"Jared Leto accus\u00e9 de comportement inappropri\u00e9 par neuf femmes, y compris lorsqu\u2019elles \u00e9taient mineures"},"content":{"rendered":"<p>        <img decoding=\"async\" loading=\"lazy\" src=\"https:\/\/www.europesays.com\/fr\/wp-content\/uploads\/2025\/06\/daf282a_1699609337083-gettyimages-476344739.jpg\"  width=\"728\" height=\"409\" alt=\"Jared Leto est accus\u00e9 par neuf femmes d\u2019avoir eu un comportement inappropri\u00e9 \u00e0 leur \u00e9gard.\"\/>  <\/p>\n<p>Jason LaVeris \/ WireImage<\/p>\n<p>Jared Leto est accus\u00e9 par neuf femmes d\u2019avoir eu un comportement inappropri\u00e9 \u00e0 leur \u00e9gard.<\/p>\n<p class=\"asset asset-text\">FAITS-DIVERS &#8211; Des accusations graves. D\u2019apr\u00e8s les r\u00e9v\u00e9lations des m\u00e9dias <a href=\"https:\/\/airmail.news\/issues\/2025-6-7\/the-cult-of-leto\/\" target=\"_blank\" rel=\"noopener\" title=\"Nouvelle fen\u00eatre\">Air Mail<\/a> et<a href=\"https:\/\/www.theguardian.com\/film\/2025\/jun\/07\/jared-leto-accused-sexual-impropriety\" target=\"_blank\" rel=\"noopener\" title=\"Nouvelle fen\u00eatre\"> The Guardian<\/a>, <a href=\"https:\/\/www.huffingtonpost.fr\/culture\/video\/jared-leto-escalade-l-empire-state-building-pour-annoncer-la-tournee-de-30-seconds-to-mars_225556.html\" target=\"_blank\" rel=\"noopener\" title=\"Nouvelle fen\u00eatre\">Jared Leto<\/a> est accus\u00e9 par neuf femmes d\u2019avoir eu avec elles un comportement de \u00ab<a href=\"https:\/\/www.huffingtonpost.fr\/international\/article\/r-kelly-depeint-en-predateur-sexuel-au-premier-jour-de-son-proces_185289.html\" target=\"_blank\" rel=\"noopener\" title=\"Nouvelle fen\u00eatre\">\u00a0pr\u00e9dateur<\/a>, terrifiant et inacceptable\u00a0\u00bb, notamment lorsque certaines \u00e9taient encore mineures.<\/p>\n<p class=\"asset asset-text\">L\u2019une d\u2019elles raconte avoir \u00e9t\u00e9 approch\u00e9e par l\u2019artiste en 2006, alors qu\u2019elle \u00e9tait \u00e2g\u00e9e de 16\u00a0ans, dans un caf\u00e9 de Los Angeles. D\u2019apr\u00e8s son r\u00e9cit, l\u2019acteur l\u2019a invit\u00e9 \u00e0 une f\u00eate \u00e0 son domicile quelques jours apr\u00e8s cette premi\u00e8re rencontre. \u00ab\u00a0Les conversations ont tourn\u00e9 \u00e0 la sexualit\u00e9. Il me demandait des choses comme\u00a0: As-tu d\u00e9j\u00e0 eu un petit ami\u00a0? As-tu d\u00e9j\u00e0 suc\u00e9 une bite\u00a0?\u00a0\u00bb, confie-t-elle.<\/p>\n<p class=\"asset asset-text\">La mannequin Laura La Rue fait \u00e9tat d\u2019une exp\u00e9rience similaire lorsqu\u2019elle avait 17\u00a0ans et l\u2019acteur 36\u00a0ans. \u00c0 l\u2019occasion d\u2019une visite chez Jared Leto en 2009, \u00ab\u00a0il est sorti le sexe \u00e0 l\u2019air, comme si c\u2019\u00e9tait normal\u2026 Je me suis dit que c\u2019\u00e9tait peut-\u00eatre ce que font les hommes adultes\u00a0\u00bb, relate-t-elle.<\/p>\n<p>    \u00ab\u00a0Il connaissait mon \u00e2ge et s\u2019en fichait\u00a0\u00bb    <\/p>\n<p class=\"asset asset-text\">Dans un communiqu\u00e9 transmis \u00e0 Air Mail, un repr\u00e9sentant de l\u2019acteur affirme que \u00ab\u00a0leurs communications ne contenaient rien de sexuel ou d\u2019inappropri\u00e9\u00a0\u00bb. Selon lui, Laura La Rue a ensuite postul\u00e9 pour devenir l\u2019assistante personnelle de Jared Leto, \u00ab\u00a0prouvant davantage l\u2019absence de quoi que ce soit d\u2019inappropri\u00e9 dans leurs interactions\u00a0\u00bb. De son c\u00f4t\u00e9, la mannequin conteste avoir candidat\u00e9 pour cet emploi.<\/p>\n<p class=\"asset asset-text\">Une autre de ces femmes rapporte une agression lorsqu\u2019elle avait tout juste 18\u00a0ans\u00a0: Leto aurait \u00ab\u00a0soudainement sorti son p\u00e9nis et s\u2019est mis \u00e0 se masturber. Puis il s\u2019est approch\u00e9, a attrap\u00e9 ma main et l\u2019a pos\u00e9e sur lui. Il s\u2019est pench\u00e9 et a dit\u00a0: \u201cje veux que tu craches dessus\u201d\u00a0\u00bb.<\/p>\n<p class=\"asset asset-text\">Allie Teilz, une productrice de musique et DJ de Los Angeles d\u00e9crit quant \u00e0 elle un \u00ab\u00a0pr\u00e9dateur, terrifiant et inacceptable\u00a0\u00bb. \u00ab\u00a0J\u2019ai \u00e9t\u00e9 agress\u00e9e et traumatis\u00e9e par ce type quand j\u2019avais 17\u00a0ans\u2026 Il connaissait mon \u00e2ge et s\u2019en fichait\u00a0\u00bb, a-t-elle racont\u00e9 sur Instagram.<\/p>\n<p class=\"asset asset-text\">Le repr\u00e9sentant de Jared Leto a \u00ab\u00a0express\u00e9ment ni\u00e9\u00a0\u00bb toutes ces accusations, notamment celles d\u2019Allie Teilz qui sont selon lui \u00ab\u00a0manifestement fausses\u00a0\u00bb.<\/p>\n","protected":false},"excerpt":{"rendered":"Jason LaVeris \/ WireImage Jared Leto est accus\u00e9 par neuf femmes d\u2019avoir eu un comportement inappropri\u00e9 \u00e0 leur&hellip;\n","protected":false},"author":2,"featured_media":161479,"comment_status":"","ping_status":"","sticky":false,"template":"","format":"standard","meta":{"footnotes":""},"categories":[8],"tags":[650,251,58,59,1011,27,5103,799],"class_list":{"0":"post-161478","1":"post","2":"type-post","3":"status-publish","4":"format-standard","5":"has-post-thumbnail","7":"category-divertissement","8":"tag-cinema","9":"tag-culture","10":"tag-divertissement","11":"tag-entertainment","12":"tag-fr","13":"tag-france","14":"tag-jared-leto","15":"tag-violences-sexuelles"},"share_on_mastodon":{"url":"https:\/\/pubeurope.com\/@fr\/114649132160178656","error":""},"_links":{"self":[{"href":"https:\/\/www.europesays.com\/fr\/wp-json\/wp\/v2\/posts\/161478","targetHints":{"allow":["GET"]}}],"collection":[{"href":"https:\/\/www.europesays.com\/fr\/wp-json\/wp\/v2\/posts"}],"about":[{"href":"https:\/\/www.europesays.com\/fr\/wp-json\/wp\/v2\/types\/post"}],"author":[{"embeddable":true,"href":"https:\/\/www.europesays.com\/fr\/wp-json\/wp\/v2\/users\/2"}],"replies":[{"embeddable":true,"href":"https:\/\/www.europesays.com\/fr\/wp-json\/wp\/v2\/comments?post=161478"}],"version-history":[{"count":0,"href":"https:\/\/www.europesays.com\/fr\/wp-json\/wp\/v2\/posts\/161478\/revisions"}],"wp:featuredmedia":[{"embeddable":true,"href":"https:\/\/www.europesays.com\/fr\/wp-json\/wp\/v2\/media\/161479"}],"wp:attachment":[{"href":"https:\/\/www.europesays.com\/fr\/wp-json\/wp\/v2\/media?parent=161478"}],"wp:term":[{"taxonomy":"category","embeddable":true,"href":"https:\/\/www.europesays.com\/fr\/wp-json\/wp\/v2\/categories?post=161478"},{"taxonomy":"post_tag","embeddable":true,"href":"https:\/\/www.europesays.com\/fr\/wp-json\/wp\/v2\/tags?post=161478"}],"curies":[{"name":"wp","href":"https:\/\/api.w.org\/{rel}","templated":true}]}}