{"id":161484,"date":"2025-06-08T18:23:08","date_gmt":"2025-06-08T18:23:08","guid":{"rendered":"https:\/\/www.europesays.com\/fr\/161484\/"},"modified":"2025-06-08T18:23:08","modified_gmt":"2025-06-08T18:23:08","slug":"larmee-israelienne-confirme-avoir-identifie-le-corps-de-mohammed-sinwar-chef-du-hamas-a-gaza","status":"publish","type":"post","link":"https:\/\/www.europesays.com\/fr\/161484\/","title":{"rendered":"L&rsquo;arm\u00e9e isra\u00e9lienne confirme avoir identifi\u00e9 le corps de Mohammed Sinwar, chef du Hamas \u00e0 Gaza"},"content":{"rendered":"<p class=\"fig-paragraph\">L&rsquo;arm\u00e9e isra\u00e9lienne a confirm\u00e9 dimanche avoir identifi\u00e9 le corps de\u00a0<a href=\"http:\/\/www.lefigaro.fr\/international\/qui-etait-mohammed-sinwar-le-chef-presume-du-hamas-qu-israel-affirme-avoir-tue-20250528\" data-fig-type=\"Article\" data-gtm-custom-categorie=\"navigation\" data-gtm-custom-action=\"crossclick\" data-gtm-custom-label=\"Contextuel\" data-gtm-event=\"customEventSPE\" data-fig-domain=\"LEFIGARO\" target=\"_blank\" rel=\"noopener\">Mohammed Sinwar<\/a>, chef du Hamas dans la bande de Gaza tu\u00e9 le 13 mai dans une\u00a0<a href=\"http:\/\/www.lefigaro.fr\/international\/gaza-israel-affirme-avoir-tue-le-chef-presume-du-hamas-20250528\" data-fig-type=\"NewsFlash\" data-gtm-custom-categorie=\"navigation\" data-gtm-custom-action=\"crossclick\" data-gtm-custom-label=\"Contextuel\" data-gtm-event=\"customEventSPE\" data-fig-domain=\"LEFIGARO\" target=\"_blank\" rel=\"noopener\">frappe dans le territoire palestinien<\/a>\u00a0o\u00f9 Isra\u00ebl est en guerre contre le mouvement islamiste.<\/p>\n<p class=\"fig-paragraph\">\u00ab\u00c0 l\u2019issue d&rsquo;un processus d&rsquo;identification, il est d\u00e9sormais confirm\u00e9 que le corps de Mohammed Sinwar a \u00e9t\u00e9 localis\u00e9 dans le tunnel souterrain situ\u00e9 sous l&rsquo;h\u00f4pital europ\u00e9en de Khan Youn\u00e8s\u00bb et \u00ab\u00e9limin\u00e9 le 13 mai\u00bb dans le sud de la bande de Gaza, a pr\u00e9cis\u00e9 l&rsquo;arm\u00e9e dans un communiqu\u00e9. Sa mort avait \u00e9t\u00e9 annonc\u00e9e le 28 mai par le premier ministre isra\u00e9lien, Benyamin Netanyahou.<\/p>\n","protected":false},"excerpt":{"rendered":"L&rsquo;arm\u00e9e isra\u00e9lienne a confirm\u00e9 dimanche avoir identifi\u00e9 le corps de\u00a0Mohammed Sinwar, chef du Hamas dans la bande de&hellip;\n","protected":false},"author":2,"featured_media":161485,"comment_status":"","ping_status":"","sticky":false,"template":"","format":"standard","meta":{"footnotes":""},"categories":[5],"tags":[1111,47,11,4628,1109,1112,118,1108,107,1106,1107,1011,27,3519,1110,1114,14,664,12,1113,316,28],"class_list":{"0":"post-161484","1":"post","2":"type-post","3":"status-publish","4":"format-standard","5":"has-post-thumbnail","7":"category-international","8":"tag-actu","9":"tag-actualite","10":"tag-actualites","11":"tag-bande-de-gaza","12":"tag-breves","13":"tag-depeches","14":"tag-faits-divers","15":"tag-fil","16":"tag-fil-info","17":"tag-flash","18":"tag-flash-actu","19":"tag-fr","20":"tag-france","21":"tag-hamas","22":"tag-informations","23":"tag-infos","24":"tag-international","25":"tag-israel","26":"tag-news","27":"tag-nouvelles","28":"tag-politique","29":"tag-world"},"share_on_mastodon":{"url":"https:\/\/pubeurope.com\/@fr\/114649143899004573","error":""},"_links":{"self":[{"href":"https:\/\/www.europesays.com\/fr\/wp-json\/wp\/v2\/posts\/161484","targetHints":{"allow":["GET"]}}],"collection":[{"href":"https:\/\/www.europesays.com\/fr\/wp-json\/wp\/v2\/posts"}],"about":[{"href":"https:\/\/www.europesays.com\/fr\/wp-json\/wp\/v2\/types\/post"}],"author":[{"embeddable":true,"href":"https:\/\/www.europesays.com\/fr\/wp-json\/wp\/v2\/users\/2"}],"replies":[{"embeddable":true,"href":"https:\/\/www.europesays.com\/fr\/wp-json\/wp\/v2\/comments?post=161484"}],"version-history":[{"count":0,"href":"https:\/\/www.europesays.com\/fr\/wp-json\/wp\/v2\/posts\/161484\/revisions"}],"wp:featuredmedia":[{"embeddable":true,"href":"https:\/\/www.europesays.com\/fr\/wp-json\/wp\/v2\/media\/161485"}],"wp:attachment":[{"href":"https:\/\/www.europesays.com\/fr\/wp-json\/wp\/v2\/media?parent=161484"}],"wp:term":[{"taxonomy":"category","embeddable":true,"href":"https:\/\/www.europesays.com\/fr\/wp-json\/wp\/v2\/categories?post=161484"},{"taxonomy":"post_tag","embeddable":true,"href":"https:\/\/www.europesays.com\/fr\/wp-json\/wp\/v2\/tags?post=161484"}],"curies":[{"name":"wp","href":"https:\/\/api.w.org\/{rel}","templated":true}]}}