{"id":161486,"date":"2025-06-08T18:24:10","date_gmt":"2025-06-08T18:24:10","guid":{"rendered":"https:\/\/www.europesays.com\/fr\/161486\/"},"modified":"2025-06-08T18:24:10","modified_gmt":"2025-06-08T18:24:10","slug":"emmanuel-macron-juge-que-remettre-en-cause-la-priorite-donnee-au-climat-est-une-enorme-erreur","status":"publish","type":"post","link":"https:\/\/www.europesays.com\/fr\/161486\/","title":{"rendered":"Emmanuel Macron juge que \u00abremettre en cause\u00bb la priorit\u00e9 donn\u00e9e au climat est une \u00ab\u00e9norme erreur\u00bb"},"content":{"rendered":"<p>Arriv\u00e9 \u00e0 Nice pour le sommet de l\u2019Onu pour les oc\u00e9ans, apr\u00e8s une visite d\u2019\u00c9tat \u00e0 Monaco, le pr\u00e9sident a d\u00e9nonc\u00e9 ceux qui veulent remettre en cause \u00abla priorit\u00e9 dans le d\u00e9bat public donn\u00e9 au climat\u00bb.<\/p>\n<p class=\"fig-paragraph\">Emmanuel Macron a d\u00e9nonc\u00e9 dimanche \u00e0 Nice, \u00e0 la veille du\u00a0<a href=\"http:\/\/www.lefigaro.fr\/sciences\/a-nice-un-preambule-scientifique-avant-la-grande-conference-des-nations-unies-sur-l-ocean-20250602\" data-fig-type=\"Article\" data-gtm-custom-categorie=\"navigation\" data-gtm-custom-action=\"crossclick\" data-gtm-custom-label=\"Contextuel\" data-gtm-event=\"customEventSPE\" data-fig-domain=\"LEFIGARO\" target=\"_blank\" rel=\"noopener\">sommet de l&rsquo;Onu sur les oc\u00e9ans<\/a>, l&rsquo;\u00ab\u00e9norme erreur\u00bb de ceux qui, y compris en France, veulent remettre en cause \u00abla priorit\u00e9 dans le d\u00e9bat public donn\u00e9 au climat\u00bb.<\/p>\n<p class=\"fig-paragraph\">\u00abR\u00e9duisez (les fonds pour la science), ce n&rsquo;est plus la priorit\u00e9. Passez, il n&rsquo;y a rien \u00e0 voir. On s&rsquo;en occupera ou g\u00e9rera crise apr\u00e8s crise&#8230; \u00c9norme erreur\u00bb, a lanc\u00e9 le pr\u00e9sident fran\u00e7ais.<\/p>\n<p class=\"fig-paragraph\">Il s\u2019exprimait apr\u00e8s avoir \u00e9cout\u00e9 les recommandations des plus de 2000 chercheurs du monde entier, r\u00e9unis en congr\u00e8s \u00e0 Nice avant le sommet de l\u2019Onu, qui ont demand\u00e9 \u00e0 \u00eatre \u00e9cout\u00e9s et soutenus, ainsi que des \u00e9lus de la coalition des villes c\u00f4ti\u00e8res, lanc\u00e9e samedi sous l\u2019\u00e9gide des Nations Unies.<\/p>\n<p>Des crises qui \u00abse nourrissent\u00bb<\/p>\n<p class=\"fig-paragraph\">\u00abOn est au pire moment\u00a0! On a une crise qui est cinq crises en m\u00eame temps\u00a0: biodiversit\u00e9, eau, alimentation, sant\u00e9, changement climatique. Et ces cinq crises se nourrissent\u00bb, a-t-il rappel\u00e9, en regrettant que l\u2019administration Trump retire les financements am\u00e9ricains dont \u00abla science internationale d\u00e9pend beaucoup\u00bb.<\/p>\n<p class=\"fig-paragraph\">\u00abOn a beaucoup de gens qui sont en train de remettre en cause le multilat\u00e9ralisme et ses agences. On a aujourd\u2019hui une remise en cause aussi de la priorit\u00e9 dans le d\u00e9bat public donn\u00e9 au climat, y compris d\u2019ailleurs en France\u00bb, a insist\u00e9 le pr\u00e9sident, en promettant aux chercheurs et aux \u00e9lus concern\u00e9s par la mont\u00e9e des eaux et l\u2019augmentation des temp\u00eates de ne \u00abrien l\u00e2cher\u00bb.<\/p>\n","protected":false},"excerpt":{"rendered":"Arriv\u00e9 \u00e0 Nice pour le sommet de l\u2019Onu pour les oc\u00e9ans, apr\u00e8s une visite d\u2019\u00c9tat \u00e0 Monaco, le&hellip;\n","protected":false},"author":2,"featured_media":161487,"comment_status":"","ping_status":"","sticky":false,"template":"","format":"standard","meta":{"footnotes":""},"categories":[4],"tags":[11,426,427,422,423,1073,1011,27,418,424,425,420,421,12,419,316,429,25,428],"class_list":{"0":"post-161486","1":"post","2":"type-post","3":"status-publish","4":"format-standard","5":"has-post-thumbnail","7":"category-france","8":"tag-actualites","9":"tag-candidat","10":"tag-candidats","11":"tag-depute","12":"tag-deputes","13":"tag-emmanuel-macron","14":"tag-fr","15":"tag-france","16":"tag-gouvernement","17":"tag-institution","18":"tag-institutions","19":"tag-loi","20":"tag-lois","21":"tag-news","22":"tag-opposition","23":"tag-politique","24":"tag-ps","25":"tag-republique-francaise","26":"tag-ump"},"share_on_mastodon":{"url":"https:\/\/pubeurope.com\/@fr\/114649147869912913","error":""},"_links":{"self":[{"href":"https:\/\/www.europesays.com\/fr\/wp-json\/wp\/v2\/posts\/161486","targetHints":{"allow":["GET"]}}],"collection":[{"href":"https:\/\/www.europesays.com\/fr\/wp-json\/wp\/v2\/posts"}],"about":[{"href":"https:\/\/www.europesays.com\/fr\/wp-json\/wp\/v2\/types\/post"}],"author":[{"embeddable":true,"href":"https:\/\/www.europesays.com\/fr\/wp-json\/wp\/v2\/users\/2"}],"replies":[{"embeddable":true,"href":"https:\/\/www.europesays.com\/fr\/wp-json\/wp\/v2\/comments?post=161486"}],"version-history":[{"count":0,"href":"https:\/\/www.europesays.com\/fr\/wp-json\/wp\/v2\/posts\/161486\/revisions"}],"wp:featuredmedia":[{"embeddable":true,"href":"https:\/\/www.europesays.com\/fr\/wp-json\/wp\/v2\/media\/161487"}],"wp:attachment":[{"href":"https:\/\/www.europesays.com\/fr\/wp-json\/wp\/v2\/media?parent=161486"}],"wp:term":[{"taxonomy":"category","embeddable":true,"href":"https:\/\/www.europesays.com\/fr\/wp-json\/wp\/v2\/categories?post=161486"},{"taxonomy":"post_tag","embeddable":true,"href":"https:\/\/www.europesays.com\/fr\/wp-json\/wp\/v2\/tags?post=161486"}],"curies":[{"name":"wp","href":"https:\/\/api.w.org\/{rel}","templated":true}]}}