{"id":161488,"date":"2025-06-08T18:25:09","date_gmt":"2025-06-08T18:25:09","guid":{"rendered":"https:\/\/www.europesays.com\/fr\/161488\/"},"modified":"2025-06-08T18:25:09","modified_gmt":"2025-06-08T18:25:09","slug":"malgre-lavertissement-disrael-un-navire-humanitaire-de-militants-poursuit-sa-traversee-liberation","status":"publish","type":"post","link":"https:\/\/www.europesays.com\/fr\/161488\/","title":{"rendered":"malgr\u00e9 l\u2019avertissement d\u2019Isra\u00ebl, un navire humanitaire de militants poursuit sa travers\u00e9e \u2013 Lib\u00e9ration"},"content":{"rendered":"<p class=\"sc-ksZaOG ehjQrN text-element\">Le navire humanitaire Madleen, en route vers Gaza, va poursuivre sa course malgr\u00e9 l\u2019ordre donn\u00e9 par Isra\u00ebl \u00e0 son arm\u00e9e de l\u2019emp\u00eacher de rallier le territoire palestinien, ont affirm\u00e9 ce dimanche 8 juin les militants \u00e0 son bord, parmi lesquels l\u2019activiste su\u00e9doise Greta Thunberg.<\/p>\n<p class=\"sc-ksZaOG ehjQrN text-element\">\u00abNous resterons mobilis\u00e9s jusqu\u2019\u00e0 la derni\u00e8re minute \u2013 jusqu\u2019\u00e0 ce qu\u2019Isra\u00ebl coupe Internet et les r\u00e9seaux\u00bb, a d\u00e9clar\u00e9 l\u2019eurod\u00e9put\u00e9e franco-palestinienne de gauche Rima Hassan, jointe par l\u2019AFP \u00e0 bord du Madleen, actuellement dans les eaux \u00e9gyptiennes.<\/p>\n<p class=\"sc-ksZaOG ehjQrN text-element\">\u00abNous n\u2019avons pas peur\u00bb des Isra\u00e9liens, a de son c\u00f4t\u00e9 affirm\u00e9 l\u2019activiste allemande Yaesmin Acar, qui compte parmi les douze passagers, les autres \u00e9tant six Fran\u00e7ais, une Su\u00e9doise, un Br\u00e9silien, un Espagnol, un Turc et un N\u00e9erlandais. \u00abLe message qu\u2019ils nous envoient [\u2026] ne nous fait pas reculer\u00bb, a-t-elle ajout\u00e9.<\/p>\n<p class=\"sc-ksZaOG ehjQrN text-element\">Le navire, qui se trouvait \u00e0 16 heures heure fran\u00e7aise \u00e0 150 miles nautiques de Gaza selon un live sur Telegram, est parti d\u2019Italie le 1er juin pour \u00abbriser le blocus isra\u00e9lien\u00bb du territoire palestinien ravag\u00e9 par 20 mois de guerre entre l\u2019arm\u00e9e isra\u00e9lienne et le mouvement islamiste palestinien Hamas, et y livrer une cargaison d\u2019aide.<\/p>\n<p class=\"sc-ksZaOG ehjQrN text-element\">Plus t\u00f4t ce dimanche, le ministre isra\u00e9lien de la D\u00e9fense, Isra\u00ebl Katz, a d\u00e9clar\u00e9 dans un communiqu\u00e9 ce dimanche 8 juin qu\u2019il avait donn\u00e9 des instructions \u00e0 l\u2019arm\u00e9e pour que la flottille appartenant \u00e0 l\u2019organisation internationale \u00abCoalition de la flottille de la libert\u00e9\u00bb (FFC) n\u2019atteigne pas Gaza. \u00abA l\u2019antis\u00e9mite Greta Thunberg et \u00e0 ses amis, je leur dis sans ambages : vous devriez faire demi-tour parce que vous n\u2019atteindrez pas Gaza\u00bb, a averti le ministre dans son communiqu\u00e9, relate le journal Haaretz.<\/p>\n<p class=\"sc-ksZaOG ehjQrN text-element\"><a href=\"https:\/\/www.liberation.fr\/international\/moyen-orient\/freedom-flotilla-le-navire-humanitaire-avec-a-son-bord-greta-thunberg-se-rapproche-de-gaza-20250607_YPCB7ZVW4NEKVHXEVPXBUOLPHY\/\" target=\"_blank\" rel=\"noopener\" title=\"https:\/\/www.liberation.fr\/international\/moyen-orient\/freedom-flotilla-le-navire-humanitaire-avec-a-son-bord-greta-thunberg-se-rapproche-de-gaza-20250607_YPCB7ZVW4NEKVHXEVPXBUOLPHY\/\">Le navire humanitaire<\/a> qui a \u00e0 son bord 12 militants, dont <a href=\"https:\/\/www.liberation.fr\/international\/moyen-orient\/gaza-greta-thunberg-et-rima-hassan-a-bord-dun-voilier-humanitaire-pour-defier-le-blocus-de-lenclave-20250602_C24RBUOBOBD2ZAW6T5RKCYZBA4\/\" target=\"_blank\" rel=\"noopener\" title=\"https:\/\/www.liberation.fr\/international\/moyen-orient\/gaza-greta-thunberg-et-rima-hassan-a-bord-dun-voilier-humanitaire-pour-defier-le-blocus-de-lenclave-20250602_C24RBUOBOBD2ZAW6T5RKCYZBA4\/\">l\u2019activiste \u00e9cologiste su\u00e9doise Greta Thunberg et l\u2019eurod\u00e9put\u00e9e LFI franco palestinienne Rima Hassan<\/a>, avait atteint samedi les c\u00f4tes \u00e9gyptiennes et se rapprochait de la bande de Gaza, o\u00f9 la guerre entre Isra\u00ebl et le Hamas est entr\u00e9e dans son 21e mois.<\/p>\n<p class=\"sc-ksZaOG ehjQrN text-element\">Quelques minutes apr\u00e8s cette annonce, la d\u00e9put\u00e9e europ\u00e9enne a publi\u00e9 une vid\u00e9o sur son compte Instagram dans laquelle elle d\u00e9plore cette d\u00e9cision des autorit\u00e9s isra\u00e9liennes. \u00abInternet sera coup\u00e9 avant cette intervention. Nous ne pourrons pas communiquer ni filmer. Par la suite, nous allons \u00eatre amen\u00e9s au port d\u2019Ashdod, cela va prendre six ou sept heures, anticipe Rima Hassan, qui se filme \u00e0 l\u2019int\u00e9rieur du navire. Pendant ce temps, nous serons menott\u00e9s et sous surveillance des soldats isra\u00e9liens. Nous allons tr\u00e8s probablement subir un interrogatoire avant d\u2019\u00eatre renvoy\u00e9s dans nos pays d\u2019origine.\u00bb<\/p>\n<p class=\"sc-ksZaOG ehjQrN text-element\">Le leader insoumis, Jean-Luc M\u00e9lenchon, <a href=\"https:\/\/x.com\/JLMelenchon\/status\/1931685102708269297\" target=\"_blank\" rel=\"noreferrer\" title=\"https:\/\/x.com\/JLMelenchon\/status\/1931685102708269297\">a \u00e9galement r\u00e9agi sur X<\/a> \u00e0 cette \u00abmenace\u00bb brandie par Isra\u00ebl Katz. Apr\u00e8s avoir rappel\u00e9 que l\u2019Etat h\u00e9breu n\u2019avait aucun droit sur la c\u00f4te de Gaza, \u00abterritoire occup\u00e9 selon le droit international\u00bb, il a exhort\u00e9 la France \u00e0 \u00abprendre ses responsabilit\u00e9s\u00bb. Et de poursuivre : \u00abNotre marine nationale doit intervenir et faire respecter le droit international et nos ressortissants menac\u00e9s.\u00bb<\/p>\n<p class=\"sc-ksZaOG ehjQrN text-element\">Le Madleen, un voilier de la Coalition de la flottille pour la libert\u00e9, est parti le 1er juin de Sicile en direction de Gaza pour apporter de l\u2019aide humanitaire et \u00abbriser le blocus isra\u00e9lien\u00bb impos\u00e9 au territoire palestinien menac\u00e9 de famine selon l\u2019ONU, selon les organisateurs.<\/p>\n<p class=\"sc-ksZaOG ehjQrN text-element\">\u00abL\u2019Etat d\u2019Isra\u00ebl ne permettra \u00e0 personne de briser le blocus maritime de Gaza, dont l\u2019objectif principal est d\u2019emp\u00eacher le transfert d\u2019armes au Hamas, une organisation terroriste meurtri\u00e8re qui d\u00e9tient nos otages et commet des crimes de guerre\u00bb, a ajout\u00e9 Isra\u00ebl Katz.<\/p>\n<p class=\"sc-ksZaOG ehjQrN text-element\">\u00abIsra\u00ebl agira contre toute tentative de briser le blocus ou d\u2019aider des organisations terroristes, par mer, par air ou par terre\u00bb, a-t-il encore menac\u00e9.<\/p>\n<p class=\"sc-ksZaOG ehjQrN text-element\"><b>Mise \u00e0 jour<\/b> \u00e0 14 h 38 avec les r\u00e9actions de Rima Hassan et de Jean-Luc M\u00e9lenchon ; \u00e0 18 h 55 avec la poursuite de la course du navire humanitaire.<\/p>\n","protected":false},"excerpt":{"rendered":"Le navire humanitaire Madleen, en route vers Gaza, va poursuivre sa course malgr\u00e9 l\u2019ordre donn\u00e9 par Isra\u00ebl \u00e0&hellip;\n","protected":false},"author":2,"featured_media":161489,"comment_status":"","ping_status":"","sticky":false,"template":"","format":"standard","meta":{"footnotes":""},"categories":[2],"tags":[11,1011,27,26418,3522,664,12,15442],"class_list":{"0":"post-161488","1":"post","2":"type-post","3":"status-publish","4":"format-standard","5":"has-post-thumbnail","7":"category-actualites","8":"tag-actualites","9":"tag-fr","10":"tag-france","11":"tag-greta-thunberg","12":"tag-guerre-hamas-israel","13":"tag-israel","14":"tag-news","15":"tag-rima-hassan"},"share_on_mastodon":{"url":"https:\/\/pubeurope.com\/@fr\/114649151801250693","error":""},"_links":{"self":[{"href":"https:\/\/www.europesays.com\/fr\/wp-json\/wp\/v2\/posts\/161488","targetHints":{"allow":["GET"]}}],"collection":[{"href":"https:\/\/www.europesays.com\/fr\/wp-json\/wp\/v2\/posts"}],"about":[{"href":"https:\/\/www.europesays.com\/fr\/wp-json\/wp\/v2\/types\/post"}],"author":[{"embeddable":true,"href":"https:\/\/www.europesays.com\/fr\/wp-json\/wp\/v2\/users\/2"}],"replies":[{"embeddable":true,"href":"https:\/\/www.europesays.com\/fr\/wp-json\/wp\/v2\/comments?post=161488"}],"version-history":[{"count":0,"href":"https:\/\/www.europesays.com\/fr\/wp-json\/wp\/v2\/posts\/161488\/revisions"}],"wp:featuredmedia":[{"embeddable":true,"href":"https:\/\/www.europesays.com\/fr\/wp-json\/wp\/v2\/media\/161489"}],"wp:attachment":[{"href":"https:\/\/www.europesays.com\/fr\/wp-json\/wp\/v2\/media?parent=161488"}],"wp:term":[{"taxonomy":"category","embeddable":true,"href":"https:\/\/www.europesays.com\/fr\/wp-json\/wp\/v2\/categories?post=161488"},{"taxonomy":"post_tag","embeddable":true,"href":"https:\/\/www.europesays.com\/fr\/wp-json\/wp\/v2\/tags?post=161488"}],"curies":[{"name":"wp","href":"https:\/\/api.w.org\/{rel}","templated":true}]}}