{"id":161504,"date":"2025-06-08T18:36:30","date_gmt":"2025-06-08T18:36:30","guid":{"rendered":"https:\/\/www.europesays.com\/fr\/161504\/"},"modified":"2025-06-08T18:36:30","modified_gmt":"2025-06-08T18:36:30","slug":"voici-la-meteo-de-la-semaine-en-seine-maritime","status":"publish","type":"post","link":"https:\/\/www.europesays.com\/fr\/161504\/","title":{"rendered":"voici la m\u00e9t\u00e9o de la semaine en Seine-Maritime"},"content":{"rendered":"<p>            Par<br \/>\n        <strong><br \/>\n            <a href=\"https:\/\/actu.fr\/auteur\/adrien-filoche\" title=\"Consulter tous les articles de Adrien Filoche\" target=\"_blank\" rel=\"noopener\">Adrien Filoche<\/a><br \/>\n        <\/strong><\/p>\n<p>        Publi\u00e9 le<\/p>\n<p>            8 juin 2025 \u00e0 16h34        <\/p>\n<p>Une nouvelle semaine d\u00e9bute, et pour bien se pr\u00e9parer, la r\u00e9daction de 76actu vous propose comme \u00e0 son habitude un petit r\u00e9sum\u00e9 <strong>des pr\u00e9visions m\u00e9t\u00e9orologiques<\/strong> de <a href=\"https:\/\/actu.fr\/tag\/meteo-france\" target=\"_blank\" rel=\"noopener\">M\u00e9t\u00e9o France<\/a> en Seine-Maritime entre le 9 et le 15\u00a0juin 2025.<\/p>\n<p>Du soleil en d\u00e9but de semaine<\/p>\n<p class=\" wall-content\">Cela d\u00e9bute relativement bien avec une journ\u00e9e de lundi alternant<strong> entre nuages et \u00e9claircies.<\/strong> C\u00f4t\u00e9 temp\u00e9ratures, il faut s\u2019attendre \u00e0 une petite vingtaine de degr\u00e9s selon M\u00e9t\u00e9o France.<\/p>\n<p class=\" wall-content\">Cela commence \u00e0 \u00eatre agr\u00e9able \u00e0 partir de mardi avec <strong>davantage de soleil.<\/strong> Et puis, mercredi, on gardera volontiers le beau temps, tandis que les temp\u00e9ratures grimperont doucement vers la barre des 25. Ni trop frais, ni trop chaud, la bonne temp\u00e9rature\u2009! On comptera m\u00eame <strong>26 degr\u00e9s \u00e0 Rouen<\/strong> et<strong> jusqu\u2019\u00e0 27 au\u00a0Havre<\/strong>, la maximale.<\/p>\n<p>Un \u00e9pisode orageux<\/p>\n<p class=\" wall-content\">Et puis, cela risque de se g\u00e2ter d\u00e8s jeudi avec des orages annonc\u00e9s sur l\u2019ensemble du territoire. Ce jour-l\u00e0, il fera particuli\u00e8rement lourd, avec pr\u00e8s de 25 degr\u00e9s annonc\u00e9s.<\/p>\n<p class=\" wall-content\">Vendredi, on \u00e9change les \u00e9clairs contre simplement des averses qui devraient ponctuer toute la journ\u00e9e. M\u00eame si l\u2019orage a \u00e9clat\u00e9 la veille, les temp\u00e9ratures resteront \u00e9lev\u00e9es.<\/p>\n<p>Vid\u00e9os : en ce moment sur Actu<\/p>\n<p class=\" wall-content\">Et si l\u2019on regarde les pr\u00e9visions du week-end, on a de quoi se r\u00e9jouir. En effet, du soleil et une vingtaine de degr\u00e9s selon M\u00e9t\u00e9o France, avec cependant un indice de confiance de 2\/5. La m\u00e9t\u00e9o pourra donc \u00eatre changeante d\u2019ici l\u00e0\u2009!<\/p>\n<p>Suivez l\u2019actualit\u00e9 de <a href=\"https:\/\/www.whatsapp.com\/channel\/0029VaKfnf99hXF2ddApFB1D\" target=\"_blank\" rel=\"noopener\">Rouen<\/a> et du\u00a0<a href=\"https:\/\/www.whatsapp.com\/channel\/0029VaFqJYE8aKvLBwVrEe0o\" target=\"_blank\" rel=\"noopener\">Havre<\/a> sur nos cha\u00eenes WhatsApp et sur <a href=\"https:\/\/www.tiktok.com\/@76actu.fr?lang=fr\" target=\"_blank\" rel=\"noopener\">notre compte TikTok<\/a><\/p>\n<p class=\" wall-content\">Suivez toute l\u2019actualit\u00e9 de vos villes et m\u00e9dias favoris en vous inscrivant \u00e0 <a href=\"https:\/\/moncompte.actu.fr\" title=\"D\u00e9couvez Mon Actu\" rel=\"nofollow noopener\" data-trk=\"{&quot;cta&quot;:{&quot;action&quot;:&quot;https:\\\/\\\/moncompte.actu.fr&quot;,&quot;category&quot;:&quot;mon compte&quot;,&quot;from&quot;:&quot;article footer&quot;,&quot;name&quot;:&quot;Mon actu&quot;,&quot;type&quot;:&quot;cta&quot;}}\" target=\"_blank\">Mon Actu<\/a>.<\/p>\n<p>                    <script async src=\"\/\/www.tiktok.com\/embed.js\"><\/script><\/p>\n","protected":false},"excerpt":{"rendered":"Par Adrien Filoche Publi\u00e9 le 8 juin 2025 \u00e0 16h34 Une nouvelle semaine d\u00e9bute, et pour bien se&hellip;\n","protected":false},"author":2,"featured_media":161505,"comment_status":"","ping_status":"","sticky":false,"template":"","format":"standard","meta":{"footnotes":""},"categories":[9587],"tags":[1111,11,1777,674,1011,27,2487,2357,12,5161,4594,25,9590],"class_list":{"0":"post-161504","1":"post","2":"type-post","3":"status-publish","4":"format-standard","5":"has-post-thumbnail","7":"category-rouen","8":"tag-actu","9":"tag-actualites","10":"tag-eu","11":"tag-europe","12":"tag-fr","13":"tag-france","14":"tag-meteo","15":"tag-meteo-france","16":"tag-news","17":"tag-normandie","18":"tag-orages","19":"tag-republique-francaise","20":"tag-rouen"},"share_on_mastodon":{"url":"https:\/\/pubeurope.com\/@fr\/114649195011890549","error":""},"_links":{"self":[{"href":"https:\/\/www.europesays.com\/fr\/wp-json\/wp\/v2\/posts\/161504","targetHints":{"allow":["GET"]}}],"collection":[{"href":"https:\/\/www.europesays.com\/fr\/wp-json\/wp\/v2\/posts"}],"about":[{"href":"https:\/\/www.europesays.com\/fr\/wp-json\/wp\/v2\/types\/post"}],"author":[{"embeddable":true,"href":"https:\/\/www.europesays.com\/fr\/wp-json\/wp\/v2\/users\/2"}],"replies":[{"embeddable":true,"href":"https:\/\/www.europesays.com\/fr\/wp-json\/wp\/v2\/comments?post=161504"}],"version-history":[{"count":0,"href":"https:\/\/www.europesays.com\/fr\/wp-json\/wp\/v2\/posts\/161504\/revisions"}],"wp:featuredmedia":[{"embeddable":true,"href":"https:\/\/www.europesays.com\/fr\/wp-json\/wp\/v2\/media\/161505"}],"wp:attachment":[{"href":"https:\/\/www.europesays.com\/fr\/wp-json\/wp\/v2\/media?parent=161504"}],"wp:term":[{"taxonomy":"category","embeddable":true,"href":"https:\/\/www.europesays.com\/fr\/wp-json\/wp\/v2\/categories?post=161504"},{"taxonomy":"post_tag","embeddable":true,"href":"https:\/\/www.europesays.com\/fr\/wp-json\/wp\/v2\/tags?post=161504"}],"curies":[{"name":"wp","href":"https:\/\/api.w.org\/{rel}","templated":true}]}}