{"id":161511,"date":"2025-06-08T18:42:30","date_gmt":"2025-06-08T18:42:30","guid":{"rendered":"https:\/\/www.europesays.com\/fr\/161511\/"},"modified":"2025-06-08T18:42:30","modified_gmt":"2025-06-08T18:42:30","slug":"une-personne-meurt-percutee-par-des-voitures-la-rocade-fermee-a-la-circulation","status":"publish","type":"post","link":"https:\/\/www.europesays.com\/fr\/161511\/","title":{"rendered":"une personne meurt percut\u00e9e par des voitures, la rocade ferm\u00e9e \u00e0 la circulation"},"content":{"rendered":"<p>            Par<br \/>\n        <strong><br \/>\n            <a href=\"https:\/\/actu.fr\/auteur\/clemence-pays02-actu-fr\" title=\"Consulter tous les articles de Cl\u00e9mence Pays\" rel=\"nofollow noopener\" target=\"_blank\">Cl\u00e9mence Pays<\/a><br \/>\n        <\/strong><\/p>\n<p>        Publi\u00e9 le<\/p>\n<p>            8 juin 2025 \u00e0 9h32        <\/p>\n<p>[<strong>Mise \u00e0 jour dimanche 8 juin \u00e0 12h11 :<\/strong> Depuis 11h50, la circulation est de nouveau ouverte sur toutes les voies et dans les deux sens.]<\/p>\n<p class=\" wall-content\">Ce dimanche 8\u00a0juin 2025, \u00e0 4h34, les sapeurs-pompiers d\u2019Ille-et-Vilaine ont \u00e9t\u00e9 d\u00e9p\u00each\u00e9s pour <strong>un accident sur la voie publique,<\/strong> sur la rocade de Rennes, dans le sens int\u00e9rieur, secteur porte d\u2019Alma.<\/p>\n<p class=\" wall-content\">Arriv\u00e9s sur place, les secours n\u2019ont pu que constater <strong>le d\u00e9c\u00e8s d\u2019une personne \u00ab\u2009fauch\u00e9e successivement par deux v\u00e9hicules l\u00e9gers\u2009\u00bb,<\/strong> rapporte le Centre op\u00e9rationnel d\u00e9partemental d\u2019incendie et de secours (Codis), aupr\u00e8s d\u2019<a href=\"https:\/\/actu.fr\/rennes\/\" rel=\"nofollow noopener\" target=\"_blank\">actu Rennes<\/a>.<\/p>\n<p>Deux personnes transport\u00e9es \u00e0 l\u2019h\u00f4pital<\/p>\n<p class=\" wall-content\">En raison de la violence des chocs, <strong>l\u2019identification de la victime est rendue tr\u00e8s difficile.<\/strong> \u00ab\u2009On ne conna\u00eet ni son \u00e2ge, ni son sexe. La <strong>police scientifique<\/strong> a pris le relais de notre intervention\u2009\u00bb, poursuit le Codis.<\/p>\n<p class=\" wall-content\">Les 18 sapeurs-pompiers mobilis\u00e9s ont \u00e9galement pris en charge les deux conducteurs des v\u00e9hicules concern\u00e9s par l\u2019accident. Un homme de 28\u00a0ans et une femme de 26\u00a0ans ont ainsi \u00e9t\u00e9 <strong>transport\u00e9s \u00e0 l\u2019h\u00f4pital Pontchaillou,<\/strong> tr\u00e8s choqu\u00e9s par les \u00e9v\u00e9nements.<\/p>\n<p>Vid\u00e9os : en ce moment sur ActuLa rocade partiellement ferm\u00e9e<\/p>\n<p class=\" wall-content\">\u00c0 5h50, la Direction interd\u00e9partementale des routes ouest (DIRO) a annonc\u00e9 la fermeture \u00e0 la circulation de la rocade int\u00e9rieure au niveau de la porte d\u2019Alma.<\/p>\n<p class=\" wall-content\">\u00c0 6h48, cette <strong>fermeture a \u00e9t\u00e9 \u00e9largie aux deux sens de circulation,<\/strong> toujours au niveau de la porte d\u2019Alma.<\/p>\n<p class=\" wall-content\">Les usagers de la <strong>rocade int\u00e9rieure<\/strong> sont invit\u00e9s \u00e0 suivre la d\u00e9viation suivante\u2009:<\/p>\n<ul class=\" wall-content\">\n<li>sortie obligatoire porte d\u2019Alma (6b) en direction de \u00ab\u2009Le Blosne\u2009\u00bb\u2009;<\/li>\n<li>continuer tout droit jusqu\u2019au giratoire pour retrouver la direction de Nantes ou reprendre la rocade int\u00e9rieure en direction de Lorient\/Brest.<\/li>\n<\/ul>\n<p class=\" wall-content\">Les usagers de la <strong>rocade ext\u00e9rieure<\/strong> sont invit\u00e9s \u00e0 suivre la d\u00e9viation suivante\u2009:<\/p>\n<ul class=\" wall-content\">\n<li>sortie obligatoire Porte d\u2019Alma (6b) en direction de \u00ab\u2009Le Blosne\u2009\u00bb\/Centre Commercial\u2009;<\/li>\n<li>continuer tout droit pour reprendre la rocade ext\u00e9rieure.<\/li>\n<\/ul>\n<p class=\" wall-content\">\u00ab\u2009La dur\u00e9e de l\u2019\u00e9v\u00e9nement est ind\u00e9termin\u00e9e\u2009\u00bb, pr\u00e9cise la DIRO. \u00c0 9h22, Bison Fut\u00e9 indiquait que<strong> la N136 \u00e9tait toujours ferm\u00e9e<\/strong> dans le secteur.<\/p>\n<p class=\" wall-content\">Les automobilistes sont invit\u00e9s \u00e0 la plus <strong>grande prudence<\/strong> \u00e0 l\u2019approche des lieux \u00ab\u2009en raison du risque de ralentissement et de la pr\u00e9sence des \u00e9quipes de secours et d\u2019intervention\u2009\u00bb.<\/p>\n<p class=\" wall-content\">Suivez toute l\u2019actualit\u00e9 de vos villes et m\u00e9dias favoris en vous inscrivant \u00e0 <a href=\"https:\/\/moncompte.actu.fr\" title=\"D\u00e9couvez Mon Actu\" rel=\"nofollow noopener\" data-trk=\"{&quot;cta&quot;:{&quot;action&quot;:&quot;https:\\\/\\\/moncompte.actu.fr&quot;,&quot;category&quot;:&quot;mon compte&quot;,&quot;from&quot;:&quot;article footer&quot;,&quot;name&quot;:&quot;Mon actu&quot;,&quot;type&quot;:&quot;cta&quot;}}\" target=\"_blank\">Mon Actu<\/a>.<\/p>\n","protected":false},"excerpt":{"rendered":"Par Cl\u00e9mence Pays Publi\u00e9 le 8 juin 2025 \u00e0 9h32 [Mise \u00e0 jour dimanche 8 juin \u00e0 12h11&hellip;\n","protected":false},"author":2,"featured_media":161512,"comment_status":"","ping_status":"","sticky":false,"template":"","format":"standard","meta":{"footnotes":""},"categories":[2821],"tags":[119,1111,11,829,1777,674,118,1011,27,12,1072,1311,584,25],"class_list":{"0":"post-161511","1":"post","2":"type-post","3":"status-publish","4":"format-standard","5":"has-post-thumbnail","7":"category-rennes","8":"tag-accident","9":"tag-actu","10":"tag-actualites","11":"tag-bretagne","12":"tag-eu","13":"tag-europe","14":"tag-faits-divers","15":"tag-fr","16":"tag-france","17":"tag-news","18":"tag-police","19":"tag-pompiers","20":"tag-rennes","21":"tag-republique-francaise"},"share_on_mastodon":{"url":"https:\/\/pubeurope.com\/@fr\/114649218742244373","error":""},"_links":{"self":[{"href":"https:\/\/www.europesays.com\/fr\/wp-json\/wp\/v2\/posts\/161511","targetHints":{"allow":["GET"]}}],"collection":[{"href":"https:\/\/www.europesays.com\/fr\/wp-json\/wp\/v2\/posts"}],"about":[{"href":"https:\/\/www.europesays.com\/fr\/wp-json\/wp\/v2\/types\/post"}],"author":[{"embeddable":true,"href":"https:\/\/www.europesays.com\/fr\/wp-json\/wp\/v2\/users\/2"}],"replies":[{"embeddable":true,"href":"https:\/\/www.europesays.com\/fr\/wp-json\/wp\/v2\/comments?post=161511"}],"version-history":[{"count":0,"href":"https:\/\/www.europesays.com\/fr\/wp-json\/wp\/v2\/posts\/161511\/revisions"}],"wp:featuredmedia":[{"embeddable":true,"href":"https:\/\/www.europesays.com\/fr\/wp-json\/wp\/v2\/media\/161512"}],"wp:attachment":[{"href":"https:\/\/www.europesays.com\/fr\/wp-json\/wp\/v2\/media?parent=161511"}],"wp:term":[{"taxonomy":"category","embeddable":true,"href":"https:\/\/www.europesays.com\/fr\/wp-json\/wp\/v2\/categories?post=161511"},{"taxonomy":"post_tag","embeddable":true,"href":"https:\/\/www.europesays.com\/fr\/wp-json\/wp\/v2\/tags?post=161511"}],"curies":[{"name":"wp","href":"https:\/\/api.w.org\/{rel}","templated":true}]}}