{"id":161519,"date":"2025-06-08T18:46:22","date_gmt":"2025-06-08T18:46:22","guid":{"rendered":"https:\/\/www.europesays.com\/fr\/161519\/"},"modified":"2025-06-08T18:46:22","modified_gmt":"2025-06-08T18:46:22","slug":"macron-attend-les-dirigeants-du-monde-a-nice-pour-un-sommet-de-mobilisation-sur-locean-08-06-2025-a-2033","status":"publish","type":"post","link":"https:\/\/www.europesays.com\/fr\/161519\/","title":{"rendered":"Macron attend les dirigeants du monde \u00e0 Nice pour un sommet de \u00ab\u00a0mobilisation\u00a0\u00bb sur l&rsquo;oc\u00e9an &#8211; 08\/06\/2025 \u00e0 20:33"},"content":{"rendered":"<p>        <img fetchpriority=\"high\" decoding=\"async\" src=\"https:\/\/www.europesays.com\/fr\/wp-content\/uploads\/2025\/06\/27abac847391640e7f6b8214f6178376-760x507.jpg\" alt=\"Le pr\u00e9sident Emmanuel Macron et son \u00e9pouse Brigitte arrivent le 8 juin 2025 au port de Nice, \u00e0 la veille d'une conf\u00e9rence de l'Onu sur les oc\u00e9ans qui doit s'y tenir ( AFP \/ Valery HACHE )\" loading=\"eager\" width=\"760\" height=\"507\" style=\"max-width: 100%!important; height: auto;\"\/><\/p>\n<p class=\"c-image-news__legend\">Le pr\u00e9sident Emmanuel Macron et son \u00e9pouse Brigitte arrivent le 8 juin 2025 au port de Nice, \u00e0 la veille d&rsquo;une conf\u00e9rence de l&rsquo;Onu sur les oc\u00e9ans qui doit s&rsquo;y tenir ( AFP \/ Valery HACHE )<\/p>\n<p>\n Emmanuel Macron est arriv\u00e9 dimanche \u00e0 Nice pour accueillir les dirigeants de la plan\u00e8te \u00e0 la veille d&rsquo;un sommet de l&rsquo;Onu sur les oc\u00e9ans o\u00f9 il entend \u00ab\u00a0mobiliser\u00a0\u00bb, en particulier contre l'\u00a0\u00bb\u00e9norme erreur\u00a0\u00bb de ceux tent\u00e9s de \u00ab\u00a0se d\u00e9tourner du combat climatique\u00a0\u00bb.\n<\/p>\n<p>\n \u00ab\u00a0Nous avons le devoir de nous mobiliser parce que la science est claire et que les faits sont l\u00e0\u00a0\u00bb, a d\u00e9clar\u00e9 le pr\u00e9sident fran\u00e7ais \u00e0 la mi-journ\u00e9e \u00e0 Monaco, en cl\u00f4ture d&rsquo;un forum de deux jours sur l&rsquo;\u00e9conomie bleue.\n<\/p>\n<\/p>\n<p>\n \u00ab\u00a0On est au pire moment !\u00a0\u00bb,  a-t-il insist\u00e9 quelques heures plus tard \u00e0 son arriv\u00e9e \u00e0 Nice, en \u00e9voquant une s\u00e9rie de crises toutes li\u00e9es en elles: biodiversit\u00e9, eau, alimentation, sant\u00e9, changement climatique.\n<\/p>\n<p>\n Face \u00e0 cela, Donald Trump aux Etats-Unis et beaucoup d&rsquo;autres \u00e0 travers le monde, \u00ab\u00a0y compris d&rsquo;ailleurs en France\u00a0\u00bb, remettent en cause la priorit\u00e9 du climat: \u00ab\u00a0Passez, il n&rsquo;y a rien \u00e0 voir. On s&rsquo;en occupera ou g\u00e9rera crise apr\u00e8s crise&#8230; Enorme erreur\u00a0\u00bb, a lanc\u00e9 le pr\u00e9sident fran\u00e7ais.\n<\/p>\n<p>\n Il s&rsquo;exprimait apr\u00e8s avoir \u00e9cout\u00e9 les recommandations des plus de 2.000 chercheurs du monde entier, qui ont demand\u00e9 \u00e9coute et soutien \u00e0 l&rsquo;issue d&rsquo;un congr\u00e8s ces derniers jours, ainsi que des \u00e9lus de la coalition des villes c\u00f4ti\u00e8res, lanc\u00e9e samedi sous l&rsquo;\u00e9gide des Nations Unies.\n<\/p>\n<p>\n \u00ab\u00a0La plan\u00e8te ne peut plus supporter des promesses non tenues\u00a0\u00bb, a pr\u00e9venu le pr\u00e9sident br\u00e9silien Luiz Ignacio Lula da Silva avant d&rsquo;arriver \u00e0 Nice.\n<\/p>\n<\/p>\n<p>\n En d\u00e9but d&rsquo;apr\u00e8s-midi, plusieurs dizaines de navires scientifiques ou de prestige ont c\u00e9l\u00e9br\u00e9 la Journ\u00e9e mondiale des oc\u00e9ans dans la baie des Anges, sous un vent fort et un ciel rendu laiteux par les fum\u00e9es des incendies au Canada.\n<\/p>\n<p>\n Avant d&rsquo;ouvrir lundi matin la troisi\u00e8me conf\u00e9rence de l&rsquo;Onu sur les oc\u00e9ans (Unoc3), en pr\u00e9sence d&rsquo;une soixantaine de chefs d&rsquo;Etat et de gouvernement, M. Macron a pr\u00e9vu un d\u00eener d&rsquo;Etat au Negresco, l&rsquo;h\u00f4tel embl\u00e9matique de la promenade des Anglais.\n<\/p>\n<p>\n Jusqu&rsquo;\u00e0 5.000 policiers, gendarmes et militaires ont \u00e9t\u00e9 mobilis\u00e9s pour la s\u00e9curit\u00e9.\n<\/p>\n<p> &#8211; Chalutage de fond &#8211;<\/p>\n<p>        <img decoding=\"async\" src=\"https:\/\/www.europesays.com\/fr\/wp-content\/uploads\/2025\/06\/9a49dd98eeee52fb82d6793d118d8d39-760x507.jpg\" alt=\"Le pr\u00e9sident fran\u00e7ais Emmanuel Macron prononce un discours \u00e0 Wallers, dans le nord de la France, le 3 juin 2025 ( POOL \/ Teresa SUAREZ )\" loading=\"eager\" width=\"760\" height=\"507\" style=\"max-width: 100%!important; height: auto;\"\/><\/p>\n<p class=\"c-image-news__legend\">Le pr\u00e9sident fran\u00e7ais Emmanuel Macron prononce un discours \u00e0 Wallers, dans le nord de la France, le 3 juin 2025 ( POOL \/ Teresa SUAREZ )<\/p>\n<p>\n Comme aux n\u00e9gociations climatiques, les Etats-Unis, premier domaine maritime au monde, n&rsquo;ont envoy\u00e9 qu&rsquo;une d\u00e9l\u00e9gation technique, avec un responsable de la Maison Blanche charg\u00e9 de l&rsquo;environnement. \u00ab\u00a0C&rsquo;est mieux que la chaise vide. Et on continuera \u00e0 avancer\u00a0\u00bb, a temporis\u00e9 M. Macron.\n<\/p>\n<p>\n \u00ab\u00a0On se bat ensemble, un oc\u00e9an, une terre\u00a0\u00bb, a assur\u00e9 LaToya Cantrell, la maire d\u00e9mocrate de la Nouvelle-Orl\u00e9ans, d\u00e9vast\u00e9e en 2005 par l&rsquo;ouragan Katrina. \u00ab\u00a0Nous exhortons nos dirigeants \u00e0 investir avec nous sur les lignes de front\u00a0\u00bb.\n<\/p>\n<p>\n Fin avril, Donald Trump a cependant provoqu\u00e9 de vives inqui\u00e9tudes en d\u00e9cidant unilat\u00e9ralement d&rsquo;ouvrir l&rsquo;extraction mini\u00e8re dans des eaux internationales du Pacifique.\n<\/p>\n<p>\n Pour mieux sauvegarder les \u00e9cosyst\u00e8mes, un effort est attendu sur les aires marines prot\u00e9g\u00e9es (AMP). Des annonces de plusieurs pays lundi devraient leur faire d\u00e9passer les 10% de la surface des mers, contre actuellement 8,4% mais encore loin de l&rsquo;objectif de 30% en 2030.\n<\/p>\n<p>        <img decoding=\"async\" src=\"https:\/\/www.europesays.com\/fr\/wp-content\/uploads\/2025\/06\/82cbe405caac91a2cd10b89a70d5b033-760x703.jpg\" alt=\"L'exploitation mini\u00e8re des fonds marins ( AFP \/ Jonathan WALTER )\" loading=\"eager\" width=\"760\" height=\"703\" style=\"max-width: 100%!important; height: auto;\"\/><\/p>\n<p class=\"c-image-news__legend\">L&rsquo;exploitation mini\u00e8re des fonds marins ( AFP \/ Jonathan WALTER )<\/p>\n<p>\n Le niveau de protection fait aussi d\u00e9bat. Mis sous pression par les ONG, M. Macron a annonc\u00e9 samedi une limitation du chalutage de fond dans certaines AMP. Et le Royaume-Uni doit annoncer lundi son intention d&rsquo;\u00e9tendre l&rsquo;interdiction du chalutage de fond \u00e0 plus de la moiti\u00e9 des aires marines prot\u00e9g\u00e9es d&rsquo;Angleterre.\n<\/p>\n<p>\n Dans de nombreux domaines, \u00ab\u00a0l&rsquo;action ne progresse pas \u00e0 la vitesse ou \u00e0 l&rsquo;\u00e9chelle requise\u00a0\u00bb, reconnaissent les Etats dans le projet de d\u00e9claration finale de la conf\u00e9rence, n\u00e9goci\u00e9e depuis des mois.\n<\/p>\n<p> &#8211; \u00ab\u00a0Il y a de l&rsquo;argent\u00a0\u00bb &#8211;<\/p>\n<p>\n Exploitation mini\u00e8re des fonds marins, trait\u00e9 international sur la pollution plastique et r\u00e9gulation de la surp\u00eache et de la p\u00eache ill\u00e9gale seront au menu des discussions.\n<\/p>\n<p>\n La France a d\u00fb revoir ses ambitions \u00e0 la baisse pour cette premi\u00e8re conf\u00e9rence onusienne dans l&rsquo;Hexagone depuis la COP21 en 2015. Ainsi, la barre des 60 ratifications n\u00e9cessaires pour l&rsquo;entr\u00e9e en vigueur du trait\u00e9 de la haute mer de 2023 ne sera pas atteinte \u00e0 Nice.\n<\/p>\n<p>\n Un nouveau train de ratifications est attendu lundi, et la barre devrait \u00eatre atteinte \u00e0 l&rsquo;automne, a assur\u00e9 M. Macron.\n<\/p>\n<p>\n Les \u00e9changes devraient \u00e9galement porter sur un moratoire sur l&rsquo;exploitation mini\u00e8re des fonds marins &#8212; actuellement soutenu par 33 pays&#8211;, sur le futur trait\u00e9 contre la pollution plastique et sur la ratification d&rsquo;accords concernant la lutte contre la p\u00eache ill\u00e9gale et la surp\u00eache.\n<\/p>\n<p>        <img decoding=\"async\" src=\"https:\/\/www.europesays.com\/fr\/wp-content\/uploads\/2025\/06\/b3a104d1d236051a66bdaede0bf1877a-760x506.jpg\" alt=\"Manifestation pour la protection des oc\u00e9ans, le 7 juin 2025 sur la promenade des Anglais \u00e0 Nice ( AFP \/ Valery HACHE )\" loading=\"eager\" width=\"760\" height=\"506\" style=\"max-width: 100%!important; height: auto;\"\/><\/p>\n<p class=\"c-image-news__legend\">Manifestation pour la protection des oc\u00e9ans, le 7 juin 2025 sur la promenade des Anglais \u00e0 Nice ( AFP \/ Valery HACHE )<\/p>\n<p>\n Si le sommet de Nice \u00ab\u00a0n&rsquo;est pas \u00e0 proprement parler une conf\u00e9rence de mobilisation de fonds\u00a0\u00bb, selon l&rsquo;Elys\u00e9e, le Costa Rica esp\u00e8re 100 milliards de dollars de nouveaux financements pour le d\u00e9veloppement durable de l&rsquo;oc\u00e9an.\n<\/p>\n<p>\n La protection des oc\u00e9ans, qui couvrent 70,8% du globe, est le moins bien financ\u00e9 des 17 objectifs de d\u00e9veloppement durable de l&rsquo;Onu.<\/p>\n","protected":false},"excerpt":{"rendered":"Le pr\u00e9sident Emmanuel Macron et son \u00e9pouse Brigitte arrivent le 8 juin 2025 au port de Nice, \u00e0&hellip;\n","protected":false},"author":2,"featured_media":161520,"comment_status":"","ping_status":"","sticky":false,"template":"","format":"standard","meta":{"footnotes":""},"categories":[2819],"tags":[400,1111,11,398,408,405,1777,674,1011,27,403,402,399,404,12,2401,882,25,401,406,407],"class_list":{"0":"post-161519","1":"post","2":"type-post","3":"status-publish","4":"format-standard","5":"has-post-thumbnail","7":"category-nice","8":"tag-action-cac-40","9":"tag-actu","10":"tag-actualites","11":"tag-bourse-de-paris","12":"tag-boursorama","13":"tag-cotations","14":"tag-eu","15":"tag-europe","16":"tag-fr","17":"tag-france","18":"tag-indices-devises","19":"tag-investir","20":"tag-investissement","21":"tag-marche-boursier","22":"tag-news","23":"tag-nice","24":"tag-provence-alpes-cote-dazur","25":"tag-republique-francaise","26":"tag-sicav","27":"tag-trackers","28":"tag-warrants"},"share_on_mastodon":{"url":"https:\/\/pubeurope.com\/@fr\/114649234523192682","error":""},"_links":{"self":[{"href":"https:\/\/www.europesays.com\/fr\/wp-json\/wp\/v2\/posts\/161519","targetHints":{"allow":["GET"]}}],"collection":[{"href":"https:\/\/www.europesays.com\/fr\/wp-json\/wp\/v2\/posts"}],"about":[{"href":"https:\/\/www.europesays.com\/fr\/wp-json\/wp\/v2\/types\/post"}],"author":[{"embeddable":true,"href":"https:\/\/www.europesays.com\/fr\/wp-json\/wp\/v2\/users\/2"}],"replies":[{"embeddable":true,"href":"https:\/\/www.europesays.com\/fr\/wp-json\/wp\/v2\/comments?post=161519"}],"version-history":[{"count":0,"href":"https:\/\/www.europesays.com\/fr\/wp-json\/wp\/v2\/posts\/161519\/revisions"}],"wp:featuredmedia":[{"embeddable":true,"href":"https:\/\/www.europesays.com\/fr\/wp-json\/wp\/v2\/media\/161520"}],"wp:attachment":[{"href":"https:\/\/www.europesays.com\/fr\/wp-json\/wp\/v2\/media?parent=161519"}],"wp:term":[{"taxonomy":"category","embeddable":true,"href":"https:\/\/www.europesays.com\/fr\/wp-json\/wp\/v2\/categories?post=161519"},{"taxonomy":"post_tag","embeddable":true,"href":"https:\/\/www.europesays.com\/fr\/wp-json\/wp\/v2\/tags?post=161519"}],"curies":[{"name":"wp","href":"https:\/\/api.w.org\/{rel}","templated":true}]}}