{"id":161535,"date":"2025-06-08T18:55:11","date_gmt":"2025-06-08T18:55:11","guid":{"rendered":"https:\/\/www.europesays.com\/fr\/161535\/"},"modified":"2025-06-08T18:55:11","modified_gmt":"2025-06-08T18:55:11","slug":"du-22-au-26-septembre-prochains-la-provence-lance-parlons-mer-2","status":"publish","type":"post","link":"https:\/\/www.europesays.com\/fr\/161535\/","title":{"rendered":"Du 22 au 26\u00a0septembre prochains, \u00ab\u00a0La Provence\u00a0\u00bb lance \u00ab\u00a0Parlons Mer\u00a0\u00bb"},"content":{"rendered":"<p>Alors que <a href=\"https:\/\/www.laprovence.com\/article\/france-monde\/2138844910902814\/photos-miss-meteo-reseaux-sociaux-les-strategies-pour-parler-de-locean\" target=\"_blank\" rel=\"noopener\">la France c\u00e9l\u00e8bre la mer en\u00a02025<\/a>, notre journal a d\u00e9cid\u00e9 de consacrer toute une semaine \u00e0 la M\u00e9diterran\u00e9e du 22 au 26\u00a0septembre prochains. \u00ab\u00a0Parlons Mer\u00a0\u00bb r\u00e9unira des acteurs locaux et nationaux \u00e0 l\u2019occasion de cinq grandes conf\u00e9rences organis\u00e9es au si\u00e8ge de \u00ab\u00a0La Provence\u00a0\u00bb, \u00e0 Grand Central, \u00e0 Marseille.<\/p>\n<p>Plusieurs th\u00e8mes y seront abord\u00e9s.<\/p>\n<p><strong\/><strong>L\u2019\u00e9conomie bleue le 22. <\/strong>Une r\u00e9alit\u00e9 autour d\u2019activit\u00e9s en devenir qui en font un atout majeur pour nos territoires. Il en sera question avec nos chefs d\u2019entreprise qui parleront activit\u00e9 portuaire, transports de marchandise, tourisme, \u00e9nergie, d\u00e9carbonation\u2026<\/p>\n<p><strong>Mer et emploi le 23. <\/strong>Nouvelles fili\u00e8res, innovations, p\u00f4les d\u2019excellence\u2026 la mer g\u00e9n\u00e8re un tr\u00e8s grand nombre d\u2019emplois dans notre r\u00e9gion. Entreprises, \u00e9coles et organismes de formation pr\u00e9senteront les opportunit\u00e9s existantes et \u00e0 venir.<\/p>\n<p><strong>Mer et environnement le 24. <\/strong>Les questions d\u2019\u00e9rosion, de submersion, d\u2019am\u00e9nagement du territoire seront au c\u0153ur de ce rendez-vous, moins pour constater mais davantage pour pr\u00e9senter des solutions.<\/p>\n<p><strong>La mer, notre responsabilit\u00e9, notre chance le 25. <\/strong>Comment pouvons-nous collectivement prot\u00e9ger cet or bleu pourtant de plus en plus menac\u00e9\u00a0? Associations, enseignants, institutions locales viendront t\u00e9moigner de leurs initiatives et des programmes mis en \u0153uvre dans la r\u00e9gion.<\/p>\n<p><strong>Mer, culture et sport le 26. <\/strong>La mer, ce sont des r\u00e9cits au long cours, des \u00e9pop\u00e9es, des traditions et des performances, sur l\u2019eau comme sous l\u2019eau, incarn\u00e9es par de grands noms, des navigateurs, des plongeurs, des aventuriers. Ils seront l\u00e0\u00a0!<\/p>\n<p>La liste des intervenants sera pr\u00e9sent\u00e9e dans les prochaines semaines.<\/p>\n<p><img alt=\"\" loading=\"lazy\" width=\"18\" height=\"18\" decoding=\"async\" data-nimg=\"1\" class=\"mx-[8px]\" style=\"color:transparent\" src=\"https:\/\/www.europesays.com\/fr\/wp-content\/uploads\/2025\/05\/1747627697_469_comment.b95dda91.svg.svg+xml\"\/>D\u00e9marrez la conversation<\/p>\n<p class=\"text-[1.8rem] mt-[32px]\">Votre opinion compte pour nous. Rejoignez la communaut\u00e9 laprovence.com en r\u00e9agissant sur l&rsquo;article Environnement, emploi, sport&#8230; du 22 au 26 septembre prochains, \u00ab\u00a0La Provence\u00a0\u00bb lance \u00ab\u00a0Parlons Mer\u00a0\u00bb.<\/p>\n","protected":false},"excerpt":{"rendered":"Alors que la France c\u00e9l\u00e8bre la mer en\u00a02025, notre journal a d\u00e9cid\u00e9 de consacrer toute une semaine \u00e0&hellip;\n","protected":false},"author":2,"featured_media":160438,"comment_status":"","ping_status":"","sticky":false,"template":"","format":"standard","meta":{"footnotes":""},"categories":[2814],"tags":[17,1111,11,341,436,1777,674,1011,27,4743,884,12,29200,1186,882,25,395,517],"class_list":{"0":"post-161535","1":"post","2":"type-post","3":"status-publish","4":"format-standard","5":"has-post-thumbnail","7":"category-marseille","8":"tag-17","9":"tag-actu","10":"tag-actualites","11":"tag-emploi","12":"tag-environnement","13":"tag-eu","14":"tag-europe","15":"tag-fr","16":"tag-france","17":"tag-la","18":"tag-marseille","19":"tag-news","20":"tag-prochains","21":"tag-provence","22":"tag-provence-alpes-cote-dazur","23":"tag-republique-francaise","24":"tag-septembre","25":"tag-sport"},"share_on_mastodon":{"url":"https:\/\/pubeurope.com\/@fr\/114649269782785004","error":""},"_links":{"self":[{"href":"https:\/\/www.europesays.com\/fr\/wp-json\/wp\/v2\/posts\/161535","targetHints":{"allow":["GET"]}}],"collection":[{"href":"https:\/\/www.europesays.com\/fr\/wp-json\/wp\/v2\/posts"}],"about":[{"href":"https:\/\/www.europesays.com\/fr\/wp-json\/wp\/v2\/types\/post"}],"author":[{"embeddable":true,"href":"https:\/\/www.europesays.com\/fr\/wp-json\/wp\/v2\/users\/2"}],"replies":[{"embeddable":true,"href":"https:\/\/www.europesays.com\/fr\/wp-json\/wp\/v2\/comments?post=161535"}],"version-history":[{"count":0,"href":"https:\/\/www.europesays.com\/fr\/wp-json\/wp\/v2\/posts\/161535\/revisions"}],"wp:featuredmedia":[{"embeddable":true,"href":"https:\/\/www.europesays.com\/fr\/wp-json\/wp\/v2\/media\/160438"}],"wp:attachment":[{"href":"https:\/\/www.europesays.com\/fr\/wp-json\/wp\/v2\/media?parent=161535"}],"wp:term":[{"taxonomy":"category","embeddable":true,"href":"https:\/\/www.europesays.com\/fr\/wp-json\/wp\/v2\/categories?post=161535"},{"taxonomy":"post_tag","embeddable":true,"href":"https:\/\/www.europesays.com\/fr\/wp-json\/wp\/v2\/tags?post=161535"}],"curies":[{"name":"wp","href":"https:\/\/api.w.org\/{rel}","templated":true}]}}