{"id":161540,"date":"2025-06-08T18:58:22","date_gmt":"2025-06-08T18:58:22","guid":{"rendered":"https:\/\/www.europesays.com\/fr\/161540\/"},"modified":"2025-06-08T18:58:22","modified_gmt":"2025-06-08T18:58:22","slug":"lyon-2e-bientot-un-nouveau-jardin-sur-lesplanade-des-radios-dans-le-quartier-de-la-confluence","status":"publish","type":"post","link":"https:\/\/www.europesays.com\/fr\/161540\/","title":{"rendered":"Lyon 2e. Bient\u00f4t un nouveau jardin sur l\u2019esplanade des radios, dans le quartier de La Confluence"},"content":{"rendered":"<p>Un nouveau chantier conduit par la M\u00e9tropole de Lyon a fait son apparition \u00e0 la mi-mai dans le quartier de La Confluence (Lyon 2 e ), \u00e0 hauteur de la place des Docks.<\/p>\n<p>L\u2019esplanade des radios, situ\u00e9e au pied des locaux du groupe Espace &#8211; \u00e0 deux pas du si\u00e8ge du Progr\u00e8s &#8211; est en travaux.<\/p>\n<p>La parcelle goudronn\u00e9e va changer d\u2019ambiance, et laisser place \u00e0 un jardin arbor\u00e9. Fin du chantier attendue en septembre prochain. Pr\u00e8s de 2000 m2 \u00a0vont \u00eatre d\u00e9simperm\u00e9abilis\u00e9s.<\/p>\n<p>Les plantations de 28 arbres (dont 11 fruitiers) seront effectu\u00e9es d\u00e8s cet automne, et jusqu\u2019au d\u00e9but 2026.<\/p>\n","protected":false},"excerpt":{"rendered":"Un nouveau chantier conduit par la M\u00e9tropole de Lyon a fait son apparition \u00e0 la mi-mai dans le&hellip;\n","protected":false},"author":2,"featured_media":161541,"comment_status":"","ping_status":"","sticky":false,"template":"","format":"standard","meta":{"footnotes":""},"categories":[1889],"tags":[1111,11,2430,2757,436,1777,674,1011,27,2428,2756,12,25],"class_list":{"0":"post-161540","1":"post","2":"type-post","3":"status-publish","4":"format-standard","5":"has-post-thumbnail","7":"category-lyon","8":"tag-actu","9":"tag-actualites","10":"tag-auvergne-rhone-alpes","11":"tag-edition-lyon-villeurbanne","12":"tag-environnement","13":"tag-eu","14":"tag-europe","15":"tag-fr","16":"tag-france","17":"tag-lyon","18":"tag-lyon-bassin","19":"tag-news","20":"tag-republique-francaise"},"share_on_mastodon":{"url":"https:\/\/pubeurope.com\/@fr\/114649281583907085","error":""},"_links":{"self":[{"href":"https:\/\/www.europesays.com\/fr\/wp-json\/wp\/v2\/posts\/161540","targetHints":{"allow":["GET"]}}],"collection":[{"href":"https:\/\/www.europesays.com\/fr\/wp-json\/wp\/v2\/posts"}],"about":[{"href":"https:\/\/www.europesays.com\/fr\/wp-json\/wp\/v2\/types\/post"}],"author":[{"embeddable":true,"href":"https:\/\/www.europesays.com\/fr\/wp-json\/wp\/v2\/users\/2"}],"replies":[{"embeddable":true,"href":"https:\/\/www.europesays.com\/fr\/wp-json\/wp\/v2\/comments?post=161540"}],"version-history":[{"count":0,"href":"https:\/\/www.europesays.com\/fr\/wp-json\/wp\/v2\/posts\/161540\/revisions"}],"wp:featuredmedia":[{"embeddable":true,"href":"https:\/\/www.europesays.com\/fr\/wp-json\/wp\/v2\/media\/161541"}],"wp:attachment":[{"href":"https:\/\/www.europesays.com\/fr\/wp-json\/wp\/v2\/media?parent=161540"}],"wp:term":[{"taxonomy":"category","embeddable":true,"href":"https:\/\/www.europesays.com\/fr\/wp-json\/wp\/v2\/categories?post=161540"},{"taxonomy":"post_tag","embeddable":true,"href":"https:\/\/www.europesays.com\/fr\/wp-json\/wp\/v2\/tags?post=161540"}],"curies":[{"name":"wp","href":"https:\/\/api.w.org\/{rel}","templated":true}]}}