{"id":161542,"date":"2025-06-08T18:59:09","date_gmt":"2025-06-08T18:59:09","guid":{"rendered":"https:\/\/www.europesays.com\/fr\/161542\/"},"modified":"2025-06-08T18:59:09","modified_gmt":"2025-06-08T18:59:09","slug":"certains-etudiants-dile-de-france-peuvent-toucher-10-000-euros","status":"publish","type":"post","link":"https:\/\/www.europesays.com\/fr\/161542\/","title":{"rendered":"Certains \u00e9tudiants d&rsquo;\u00cele-de-France peuvent toucher 10.000 euros"},"content":{"rendered":"\n<p style=\"margin-bottom: 0cm;\">C&rsquo;est ce que rappelle la caisse r\u00e9gionale d&rsquo;assurance maladie (Cramif). L&rsquo;argent est d\u00e9di\u00e9 aux \u00e9tudiants en derni\u00e8re ann\u00e9e de DEASS. Il s&rsquo;agit du dipl\u00f4me d&rsquo;\u00e9tat d&rsquo;assistant de service social. En contrepartie de l&rsquo;allocation d&rsquo;\u00e9tudes, les \u00e9tudiants s\u2019engagent \u00e0 signer un contrat de CDI dans le service social de la Cramif apr\u00e8s l\u2019obtention de leur dipl\u00f4me. Le dossier doit \u00eatre envoy\u00e9 avant le 15 septembre. Retrouvez tous les d\u00e9tails sur <a href=\"https:\/\/www.cramif.fr\/actualites\/allocation-detudes-pour-les-etudiants-en-derniere-annee-de-deass\" target=\"_blank\" rel=\"noopener\">www.cramif.fr<\/a>.<\/p>\n<p lang=\"fr-FR\" style=\"margin-bottom: 0cm;\">\u00a0<\/p>\n<p lang=\"fr-FR\" style=\"margin-bottom: 0cm;\">Nicolas Chacun<\/p>\n<p>!function(f,b,e,v,n,t,s){if(f.fbq)return;n=f.fbq=function(){n.callMethod?<br \/>\nn.callMethod.apply(n,arguments):n.queue.push(arguments)};if(!f._fbq)f._fbq=n;<br \/>\nn.push=n;n.loaded=!0;n.version=&rsquo;2.0&prime;;n.queue=[];t=b.createElement(e);t.async=!0;<br \/>\nt.src=v;s=b.getElementsByTagName(e)[0];s.parentNode.insertBefore(t,s)}(window,<br \/>\ndocument,&rsquo;script&rsquo;,&rsquo;https:\/\/connect.facebook.net\/en_US\/fbevents.js&rsquo;);<br \/>\nfbq(&lsquo;init&rsquo;, &lsquo;278974969201861&rsquo;); \/\/ Insert your pixel ID here.<br \/>\nfbq(&lsquo;track&rsquo;, &lsquo;PageView&rsquo;);<\/p>\n","protected":false},"excerpt":{"rendered":"C&rsquo;est ce que rappelle la caisse r\u00e9gionale d&rsquo;assurance maladie (Cramif). L&rsquo;argent est d\u00e9di\u00e9 aux \u00e9tudiants en derni\u00e8re ann\u00e9e&hellip;\n","protected":false},"author":2,"featured_media":161543,"comment_status":"","ping_status":"","sticky":false,"template":"","format":"standard","meta":{"footnotes":""},"categories":[1592],"tags":[1111,11,1933,1936,1777,1939,674,1011,27,662,1934,12,1940,626,1935,25,1937,1941,1938],"class_list":{"0":"post-161542","1":"post","2":"type-post","3":"status-publish","4":"format-standard","5":"has-post-thumbnail","7":"category-ile-de-france","8":"tag-actu","9":"tag-actualites","10":"tag-actualites-locales","11":"tag-essonne","12":"tag-eu","13":"tag-eure-et-loir","14":"tag-europe","15":"tag-fr","16":"tag-france","17":"tag-ile-de-france","18":"tag-infos-locales","19":"tag-news","20":"tag-oise","21":"tag-paris","22":"tag-pres-de-chez-vous","23":"tag-republique-francaise","24":"tag-seine-et-marne","25":"tag-somme","26":"tag-yvelines"},"share_on_mastodon":{"url":"https:\/\/pubeurope.com\/@fr\/114649285578077580","error":""},"_links":{"self":[{"href":"https:\/\/www.europesays.com\/fr\/wp-json\/wp\/v2\/posts\/161542","targetHints":{"allow":["GET"]}}],"collection":[{"href":"https:\/\/www.europesays.com\/fr\/wp-json\/wp\/v2\/posts"}],"about":[{"href":"https:\/\/www.europesays.com\/fr\/wp-json\/wp\/v2\/types\/post"}],"author":[{"embeddable":true,"href":"https:\/\/www.europesays.com\/fr\/wp-json\/wp\/v2\/users\/2"}],"replies":[{"embeddable":true,"href":"https:\/\/www.europesays.com\/fr\/wp-json\/wp\/v2\/comments?post=161542"}],"version-history":[{"count":0,"href":"https:\/\/www.europesays.com\/fr\/wp-json\/wp\/v2\/posts\/161542\/revisions"}],"wp:featuredmedia":[{"embeddable":true,"href":"https:\/\/www.europesays.com\/fr\/wp-json\/wp\/v2\/media\/161543"}],"wp:attachment":[{"href":"https:\/\/www.europesays.com\/fr\/wp-json\/wp\/v2\/media?parent=161542"}],"wp:term":[{"taxonomy":"category","embeddable":true,"href":"https:\/\/www.europesays.com\/fr\/wp-json\/wp\/v2\/categories?post=161542"},{"taxonomy":"post_tag","embeddable":true,"href":"https:\/\/www.europesays.com\/fr\/wp-json\/wp\/v2\/tags?post=161542"}],"curies":[{"name":"wp","href":"https:\/\/api.w.org\/{rel}","templated":true}]}}