{"id":161552,"date":"2025-06-08T19:04:19","date_gmt":"2025-06-08T19:04:19","guid":{"rendered":"https:\/\/www.europesays.com\/fr\/161552\/"},"modified":"2025-06-08T19:04:19","modified_gmt":"2025-06-08T19:04:19","slug":"10k-adidas-de-paris-montoya-et-trapp-vainqueurs-retrouvez-tous-les-resultats","status":"publish","type":"post","link":"https:\/\/www.europesays.com\/fr\/161552\/","title":{"rendered":"10k Adidas de Paris : Montoya et Trapp vainqueurs, retrouvez tous les r\u00e9sultats"},"content":{"rendered":"<p class=\"paragraph text_align_left\">Pour la 8e \u00e9dition du <a href=\"https:\/\/www.leparisien.fr\/sports\/running\/adidas-10k-paris-2025-parcours-favoris-participation-record-tout-savoir-sur-la-course-de-ce-dimanche-8-juin-06-06-2025-OCS76EU5E5BKZK2BIVXOJCV3RE.php\" target=\"_self\" rel=\"nofollow noopener\">10 km de Paris<\/a>, ils n\u2019\u00e9taient pas moins de 36 000 coureurs \u00e0 partir depuis le Trocad\u00e9ro pour essayer de finir en t\u00eate vers l\u2019Arc de Triomphe. Le tout en \u00e9tant soutenu par une foule de personnes ayant tenu \u00e0 les soutenir. Muni de son dossard 6, c\u2019est Rapha\u00ebl Montoya qui fait partie de l\u2019\u00e9quipe de France de course sur route qui est arriv\u00e9 le premier sur la ligne d\u2019arriv\u00e9e avec un temps de 29\u20195.<\/p>\n<p class=\"paragraph text_align_left\">Celui qui s\u2019\u00e9tait illustr\u00e9 en mars dernier, avec sa victoire en 29\u201912\u201d durant les championnats de France de marathon du 10 km, a l\u00e9g\u00e8rement devanc\u00e9 Yoann Kowal (champion d\u2019Europe du 3 000 m\u00e8tres steeple en 2014) et ses 29\u201906\u201d. C\u2019est ensuite Harry Louradour qui est all\u00e9 chercher sa place sur le podium (29\u203207\u2033). Attendu comme l\u2019un des favoris de la comp\u00e9tition, Hassan Chahdi, triple vainqueur de l\u2019\u00e9preuve en 2018, 2022 et 2024, \u00e0 cette fois-ci termin\u00e9 \u00e0 la sixi\u00e8me position (29\u201939\u201d).<\/p>\n<p class=\"paragraph text_align_left\">Gagnante de l\u2019\u00e9dition 2023, la quadruple championne du monde de cross-country Manon Trapp a r\u00e9it\u00e9r\u00e9 avec une nouvelle victoire gr\u00e2ce \u00e0 son temps de 32\u201927\u201d. L\u2019athl\u00e8te fran\u00e7aise a su prendre de vitesse Margaux Sieracki (33\u201903\u201d) et M\u00e9lanie Allier (33\u201947\u201d).<\/p>\n<p class=\"paragraph text_align_left\">Tous les autres temps se trouvent sur le site <a href=\"https:\/\/results.timeto.com\/10km_adidas_2025\/\" target=\"_blank\" rel=\"noreferrer nofollow noopener\">officiel de l\u2019\u00e9preuve<\/a>.<\/p>\n","protected":false},"excerpt":{"rendered":"Pour la 8e \u00e9dition du 10 km de Paris, ils n\u2019\u00e9taient pas moins de 36 000 coureurs \u00e0&hellip;\n","protected":false},"author":2,"featured_media":161553,"comment_status":"","ping_status":"","sticky":false,"template":"","format":"standard","meta":{"footnotes":""},"categories":[1888],"tags":[11,1777,674,1011,27,12,626,25,7135,60],"class_list":{"0":"post-161552","1":"post","2":"type-post","3":"status-publish","4":"format-standard","5":"has-post-thumbnail","7":"category-paris","8":"tag-actualites","9":"tag-eu","10":"tag-europe","11":"tag-fr","12":"tag-france","13":"tag-news","14":"tag-paris","15":"tag-republique-francaise","16":"tag-running","17":"tag-sports"},"share_on_mastodon":{"url":"https:\/\/pubeurope.com\/@fr\/114649305463696291","error":""},"_links":{"self":[{"href":"https:\/\/www.europesays.com\/fr\/wp-json\/wp\/v2\/posts\/161552","targetHints":{"allow":["GET"]}}],"collection":[{"href":"https:\/\/www.europesays.com\/fr\/wp-json\/wp\/v2\/posts"}],"about":[{"href":"https:\/\/www.europesays.com\/fr\/wp-json\/wp\/v2\/types\/post"}],"author":[{"embeddable":true,"href":"https:\/\/www.europesays.com\/fr\/wp-json\/wp\/v2\/users\/2"}],"replies":[{"embeddable":true,"href":"https:\/\/www.europesays.com\/fr\/wp-json\/wp\/v2\/comments?post=161552"}],"version-history":[{"count":0,"href":"https:\/\/www.europesays.com\/fr\/wp-json\/wp\/v2\/posts\/161552\/revisions"}],"wp:featuredmedia":[{"embeddable":true,"href":"https:\/\/www.europesays.com\/fr\/wp-json\/wp\/v2\/media\/161553"}],"wp:attachment":[{"href":"https:\/\/www.europesays.com\/fr\/wp-json\/wp\/v2\/media?parent=161552"}],"wp:term":[{"taxonomy":"category","embeddable":true,"href":"https:\/\/www.europesays.com\/fr\/wp-json\/wp\/v2\/categories?post=161552"},{"taxonomy":"post_tag","embeddable":true,"href":"https:\/\/www.europesays.com\/fr\/wp-json\/wp\/v2\/tags?post=161552"}],"curies":[{"name":"wp","href":"https:\/\/api.w.org\/{rel}","templated":true}]}}