{"id":161556,"date":"2025-06-08T19:06:26","date_gmt":"2025-06-08T19:06:26","guid":{"rendered":"https:\/\/www.europesays.com\/fr\/161556\/"},"modified":"2025-06-08T19:06:26","modified_gmt":"2025-06-08T19:06:26","slug":"marine-le-pen-emmanuel-macron-la-guerre-en-ukraine-ce-quil-faut-retenir-de-lentretien-de-viktor-orban-sur-lci","status":"publish","type":"post","link":"https:\/\/www.europesays.com\/fr\/161556\/","title":{"rendered":"Marine Le Pen, Emmanuel Macron, la guerre en Ukraine&#8230; Ce qu&rsquo;il faut retenir de l&rsquo;entretien de Viktor Orban sur LCI"},"content":{"rendered":"<ul class=\"jsx-862013697 ArticleChapo__List\">\n<li class=\"jsx-862013697 ArticleChapo__List_Item flex\">Le Premier ministre hongrois Viktor Orban \u00e9tait l&rsquo;invit\u00e9 de Darius Rochebin, ce dimanche sur LCI.<\/li>\n<li class=\"jsx-862013697 ArticleChapo__List_Item flex\">Le dirigeant est revenu sur sa position sur la guerre en Ukraine et ses relations avec Vladimir Poutine.<\/li>\n<li class=\"jsx-862013697 ArticleChapo__List_Item flex\">Il apporte aussi de nouveau son soutien \u00e0 Marine Le Pen pour l&rsquo;\u00e9lection pr\u00e9sidentielle en 2027.<\/li>\n<\/ul>\n<p data-module=\"article-paragraph\" class=\"jsx-3046738180 Paragraph\">Une prise de parole rare. Le Premier ministre hongrois <a href=\"https:\/\/www.tf1info.fr\/international\/guerre-ukraine-russie-pro-trump-pro-poutine-viktor-orban-une-voix-dissonante-au-sommet-europeen-du-6-mars-2025-2357665.html\" target=\"_blank\" rel=\"noopener\">Viktor Orban<\/a> a accord\u00e9 ce dimanche 8 juin un entretien \u00e0 Darius Rochebin, diffus\u00e9 sur LCI. Critiqu\u00e9 pour <a href=\"https:\/\/www.tf1info.fr\/international\/guerre-en-ukraine-viktor-orban-s-invite-a-moscou-pour-rencontrer-president-russe-vladimir-poutine-et-provoque-un-tolle-dans-l-ue-union-europeenne-2307308.html\" target=\"_blank\" rel=\"noopener\">sa proximit\u00e9 avec Vladimir Poutine<\/a>, le dirigeant a \u00e9voqu\u00e9 en d\u00e9tail sa position sur le conflit ukrainien et appelle \u00e0 trouver \u00ab\u00a0un cessez-le-feu\u00a0\u00bb entre les deux pays. Un accord qui pourra \u00eatre trouv\u00e9 selon lui uniquement gr\u00e2ce \u00e0 l&rsquo;appui des \u00c9tats-Unis et de Donald Trump, un \u00ab\u00a0partenaire dur\u00a0\u00bb pour les Europ\u00e9ens.\u00a0<\/p>\n<p data-module=\"article-paragraph\" class=\"jsx-3046738180 Paragraph Paragraph__End\">Viktor Orban est aussi revenu sur sa relation avec Emmanuel Macron, tout comme sur son soutien \u00e0 <a href=\"https:\/\/www.tf1info.fr\/politique\/ineligibilite-de-marine-le-pen-la-justice-confirme-la-perte-du-mandat-de-conseillere-departementale-2374901.html\" target=\"_blank\" rel=\"noopener\">Marine Le Pen<\/a>. En cas de victoire de la d\u00e9put\u00e9e du Rassemblement nationale en 2027, \u00ab\u00a0je boirais des magnums de champagne\u00a0\u00bb, dit le Premier ministre hongrois, qui voit en elle son \u00ab\u00a0seul compagnon de lutte\u00a0\u00bb en France.<\/p>\n<p>Viktor Orban sur LCI : en cas de victoire de Marine Le Pen \u00e0 l&rsquo;\u00e9lection pr\u00e9sidentielle de 2027, \u00ab\u00a0je boirais des magnums de champagne\u00a0\u00bbSource : TF1 Info<\/p>\n<p><img decoding=\"async\" src=\"https:\/\/www.europesays.com\/fr\/wp-content\/uploads\/2025\/06\/viktor-orban-sur-lci-en-cas-de-victoire-de-marine-le-pen-a-l-election-presidentielle-de-2027-je-boir.jpeg\" alt=\"Viktor Orban sur LCI : en cas de victoire de Marine Le Pen \u00e0 l'\u00e9lection pr\u00e9sidentielle de 2027, &quot;je boirais des magnums de champagne&quot;\" loading=\"lazy\" importance=\"low\" fetchpriority=\"low\" class=\"\"\/><img decoding=\"async\" src=\"https:\/\/www.europesays.com\/fr\/wp-content\/uploads\/2025\/04\/player-logo-play.svg.svg+xml\" alt=\"Logo lecture\" class=\"jsx-d0de44c05fe3042c PlayerLazyload__Play\"\/><\/p>\n<p data-module=\"article-paragraph\" class=\"jsx-3046738180 Paragraph Paragraph__End\"><strong>Retrouvez ci-dessous les temps forts de l&rsquo;entretien de Viktor Orban avec Darius Rochebin sur LCI.<\/strong><\/p>\n<p>Minute par minute19:34<br class=\"jsx-494582681\"\/> 8 juin 2025<\/p>\n<p>Ce live est \u00e0 pr\u00e9sent termin\u00e9.\u00a0<\/p>\n<p>Suivez nos directs du moment :19:21<br class=\"jsx-494582681\"\/> 8 juin 2025FIN DE L&rsquo;ENTRETIEN<\/p>\n<p>L&rsquo;entretien de Viktor Orban avec Darius Rochebin est termin\u00e9e. Merci de nous avoir suivis sur TF1info.<\/p>\n<p>19:19<br class=\"jsx-494582681\"\/> 8 juin 2025UNION EUROP\u00c9ENNE<\/p>\n<p>\u00ab\u00a0L&rsquo;Union europ\u00e9enne stagne\u00a0\u00bb, regrette Viktor Orban, qui dit vouloir \u00ab\u00a0coop\u00e9rer\u00a0\u00bb avec la Chine, la Russie et la Turquie. \u00ab\u00a0Il faut comprendre chaque pays \u00e0 partir de sa culture et de son id\u00e9ologie.\u00a0\u00bb<\/p>\n<p>19:17<br class=\"jsx-494582681\"\/> 8 juin 2025COMPARAISON AVEC VLADIMIR POUTINE<\/p>\n<p>Peut-on comparer Viktor Orban \u00e0 Vladimir Poutine ? \u00ab\u00a0Pour que la Hongrie soit entendue, nous n&rsquo;avons pas besoin de nous comparer \u00e0 qui que ce soit\u00a0\u00bb, indique le dirigeant hongrois. \u00ab\u00a0Ce que fait Poutine, \u00e7a ne m&rsquo;int\u00e9resse pas. Ce qui m&rsquo;int\u00e9resse, c&rsquo;est mon propre peuple.\u00a0\u00bb<\/p>\n<p>19:12<br class=\"jsx-494582681\"\/> 8 juin 2025LIBERT\u00c9S EN HONGRIE<\/p>\n<p>En Hongrie, Viktor Orban vient d&rsquo;initier une loi destin\u00e9e \u00e0 interdire la gay pride \u00e0 Budapest le 28 juin prochain. \u00ab\u00a0Ils ne peuvent pas faire tout un d\u00e9fil\u00e9 dans la ville et provoquer des effets qui seraient selon nous pas bons pour les enfants\u00a0\u00bb, dit le Premier ministre hongrois, critiqu\u00e9 pour les multiples entraves aux libert\u00e9s mises en place dans son pays dans plusieurs domaines, en particulier les droits des personnes LGBT+.<\/p>\n<p>19:05<br class=\"jsx-494582681\"\/> 8 juin 2025DONALD TRUMP<\/p>\n<p>\u00ab\u00a0Le pr\u00e9sident Trump n&rsquo;est pas le messie\u00a0\u00bb, souligne Viktor Orban. \u00ab\u00a0Il n&rsquo;est un compagnon de guerre qui si nous voulons vraiment avoir quelque chose pour nous.\u00a0\u00bb Le dirigeant souligne \u00ab\u00a0les difficult\u00e9s\u00a0\u00bb li\u00e9es \u00ab\u00a0aux droits de douane\u00a0\u00bb. \u00ab\u00a0Je pense qu&rsquo;il est possible d&rsquo;avoir un accord, m\u00eame si c&rsquo;est difficile.\u00a0\u00bb Il qualifie le pr\u00e9sident am\u00e9ricain de \u00ab\u00a0dur\u00a0\u00bb.<\/p>\n<p>19:03<br class=\"jsx-494582681\"\/> 8 juin 2025IMMIGRATION<\/p>\n<p>\u00ab\u00a0Pour avoir une solution \u00e0 ce probl\u00e8me d\u00e9mographique, ce n&rsquo;est pas l&rsquo;immigration la solution\u00a0\u00bb, poursuit Viktor Orban. \u00ab\u00a0Nous avons nos cultures, nos traditions, nos histoires et c&rsquo;est ce qui doit d\u00e9finir l&rsquo;avenir de l&rsquo;Europe.\u00a0\u00bb<\/p>\n<p>18:58<br class=\"jsx-494582681\"\/> 8 juin 2025MARINE LE PEN<\/p>\n<p>\u00ab\u00a0Il ne me reste qu&rsquo;un seul compagnon de lutte [en France] : Marine Le Pen, estime Viktor Orban. Si elle gagne en 2027, \u00ab\u00a0je boirais des magnums de champagne\u00a0\u00bb, dit le Premier ministre hongrois.\u00a0<\/p>\n<p>\u00ab\u00a0Elle a toujours soutenu la position des \u00c9tats souverains. Si elle est \u00e9lue pr\u00e9sidente en 2027, je l&rsquo;aiderais \u00e0 cr\u00e9er un budget pour un cycle d&rsquo;avenir qui ne veut pas d\u00e9penser de l&rsquo;argent pour la guerre, qui ne veut pas qu&rsquo;il y ait encore plus de bureaucratie.\u00a0\u00bb<\/p>\n<p>18:54<br class=\"jsx-494582681\"\/> 8 juin 2025LA HONGRIE DANS L&rsquo;EUROPE<\/p>\n<p>\u00ab\u00a0Il faut freiner la bureaucratie bruxelloise\u00a0\u00bb, estime Viktor Orban. \u00ab\u00a0Bruxelles ne peut pas dicter la politique europ\u00e9enne. Il faut que l&rsquo;on retrouve nos droits nationaux. Mais l&rsquo;id\u00e9e europ\u00e9enne est une id\u00e9e fantastique.\u00a0\u00bb<\/p>\n<p>18:51<br class=\"jsx-494582681\"\/> 8 juin 2025RAPPORT AVEC EMMANUEL MACRON<\/p>\n<p>\u00ab\u00a0En ce qui concerne l&rsquo;avenir de l&rsquo;Europe, nous sommes en d\u00e9saccord\u00a0\u00bb avec Emmanuel Macron, estime Viktor Orban. \u00ab\u00a0Nous avons d\u00e9laiss\u00e9 nos traditions chr\u00e9tiennes\u00a0\u00bb, regrette-t-il, tandis que le pr\u00e9sident fran\u00e7ais souhaite selon lui aiguiller l&rsquo;UE vers un projet \u00ab\u00a0progressiste et lib\u00e9ral\u00a0\u00bb.<\/p>\n<p>18:48<br class=\"jsx-494582681\"\/> 8 juin 2025RELATION HONGRIE-RUSSE<\/p>\n<p>\u00ab\u00a0Je pense que c&rsquo;est seulement le langage de la force que les Russes comprennent. (&#8230;) Il faut que l&rsquo;Europe se renforce \u00e0 long terme, qu&rsquo;il y ait un accord strat\u00e9gique avec la Russie\u00a0\u00bb, poursuit Viktor Orban.\u00a0<\/p>\n<p>Ce dernier a rencontr\u00e9 le pr\u00e9sident russe Vladimir Poutine en d\u00e9cembre dernier au Kremlin. \u00ab\u00a0S&rsquo;il veut venir en Hongrie, il sera accueilli avec tout ce qu&rsquo;il faut\u00a0\u00bb. Viktor Orban a d\u00e9j\u00e0 accueilli le Premier ministre isra\u00e9lien Benyamin Netanyahou, sous le coup d&rsquo;un mandat d&rsquo;arr\u00eat international de la CPI. Une organisation devenue \u00ab\u00a0tr\u00e8s politique\u00a0\u00bb selon lui.<\/p>\n<p>18:43<br class=\"jsx-494582681\"\/> 8 juin 2025GUERRE EN UKRAINE<\/p>\n<p>\u00ab\u00a0Pour nous les Hongrois et pour toute l&rsquo;UE, ce n&rsquo;est pas dans notre int\u00e9r\u00eat qu&rsquo;il y ait une menace de guerre et un conflit direct avec la Russie. C&rsquo;est pourquoi l&rsquo;Ukraine ne peut pas devenir un membre de l&rsquo;Otan\u00a0\u00bb, justifie Viktor Orban. \u00ab\u00a0Je pense que nous comprenons un peu mieux l&rsquo;histoire de l&rsquo;Ukraine que les Fran\u00e7ais. (&#8230;) Ce que nous pensons, c&rsquo;est que les Russes, il ne faut pas les aimer, mais il faut avoir des accords avec eux.\u00a0\u00bb<\/p>\n<p>18:40<br class=\"jsx-494582681\"\/> 8 juin 2025GUERRE EN UKRAINE<\/p>\n<p>\u00ab\u00a0Ni les Europ\u00e9ens, ni les Ukrainiens ne pourront se mettre d&rsquo;accord avec les Russes\u00a0\u00bb, lance Viktor Orban. \u00ab\u00a0Il faudrait un accord entre Russes et Am\u00e9ricains.\u00a0\u00bb Le dirigeant hongrois ajoute par ailleurs que \u00ab\u00a0l&rsquo;Ukraine n&rsquo;est pas apte \u00e0 devenir un membre de l&rsquo;Otan ou de l&rsquo;Union europ\u00e9enne\u00a0\u00bb.<\/p>\n<p>18:38<br class=\"jsx-494582681\"\/> 8 juin 2025GUERRE EN UKRAINE<\/p>\n<p>Viktor Orban demande r\u00e9guli\u00e8rement la fin des sanctions contre la Russie. \u00ab\u00a0Les sanctions russes d\u00e9truisent la Hongrie, et toute l&rsquo;Europe\u00a0\u00bb, souligne le Premier ministre hongrois. Le dirigeant, souvent critiqu\u00e9 pour certaines de ses positions jug\u00e9es pro-russes, estime \u00ab\u00a0qu&rsquo;il faut tout d&rsquo;abord un cessez-le-feu, puis la paix\u00a0\u00bb en Ukraine.<\/p>\n<p>18:35<br class=\"jsx-494582681\"\/> 8 juin 2025GUERRE EN UKRAINE<\/p>\n<p>L&rsquo;entretien entre Darius Rochebin et Viktor Orban d\u00e9bute. Avec, d&rsquo;abord, quelques questions sur le sujet de la guerre en Ukraine. Il dit ne pas craindre une extension du conflit au niveau mondial. \u00ab\u00a0Les Russes sont trop faibles pour cela\u00a0\u00bb, lance le Premier ministre hongrois Viktor Orban. \u00ab\u00a0Ils ne sont m\u00eame pas capables de vaincre l&rsquo;Ukraine, donc ils sont incapables de vraiment attaquer l&rsquo;Otan.\u00a0\u00bb<\/p>\n<p>17:43<br class=\"jsx-494582681\"\/> 8 juin 2025VIKTOR ORBAN FACE \u00c0 DARIUS ROCHEBIN<\/p>\n<p>Le Premier ministre hongrois est l&rsquo;invit\u00e9 de LCI (canal 15) ce dimanche \u00e0 18h30.\u00a0<\/p>\n<p>La r\u00e9daction de TF1info<\/p>\n","protected":false},"excerpt":{"rendered":"Le Premier ministre hongrois Viktor Orban \u00e9tait l&rsquo;invit\u00e9 de Darius Rochebin, ce dimanche sur LCI. Le dirigeant est&hellip;\n","protected":false},"author":2,"featured_media":161557,"comment_status":"","ping_status":"","sticky":false,"template":"","format":"standard","meta":{"footnotes":""},"categories":[1590],"tags":[1111,11,1921,1777,674,1922,12,220,364,133,1920],"class_list":{"0":"post-161556","1":"post","2":"type-post","3":"status-publish","4":"format-standard","5":"has-post-thumbnail","7":"category-ukraine","8":"tag-actu","9":"tag-actualites","10":"tag-article-video","11":"tag-eu","12":"tag-europe","13":"tag-info","14":"tag-news","15":"tag-ukraine","16":"tag-union-europeenne","17":"tag-video","18":"tag-video-international"},"share_on_mastodon":{"url":"https:\/\/pubeurope.com\/@fr\/114649313066618063","error":""},"_links":{"self":[{"href":"https:\/\/www.europesays.com\/fr\/wp-json\/wp\/v2\/posts\/161556","targetHints":{"allow":["GET"]}}],"collection":[{"href":"https:\/\/www.europesays.com\/fr\/wp-json\/wp\/v2\/posts"}],"about":[{"href":"https:\/\/www.europesays.com\/fr\/wp-json\/wp\/v2\/types\/post"}],"author":[{"embeddable":true,"href":"https:\/\/www.europesays.com\/fr\/wp-json\/wp\/v2\/users\/2"}],"replies":[{"embeddable":true,"href":"https:\/\/www.europesays.com\/fr\/wp-json\/wp\/v2\/comments?post=161556"}],"version-history":[{"count":0,"href":"https:\/\/www.europesays.com\/fr\/wp-json\/wp\/v2\/posts\/161556\/revisions"}],"wp:featuredmedia":[{"embeddable":true,"href":"https:\/\/www.europesays.com\/fr\/wp-json\/wp\/v2\/media\/161557"}],"wp:attachment":[{"href":"https:\/\/www.europesays.com\/fr\/wp-json\/wp\/v2\/media?parent=161556"}],"wp:term":[{"taxonomy":"category","embeddable":true,"href":"https:\/\/www.europesays.com\/fr\/wp-json\/wp\/v2\/categories?post=161556"},{"taxonomy":"post_tag","embeddable":true,"href":"https:\/\/www.europesays.com\/fr\/wp-json\/wp\/v2\/tags?post=161556"}],"curies":[{"name":"wp","href":"https:\/\/api.w.org\/{rel}","templated":true}]}}