{"id":161560,"date":"2025-06-08T19:08:20","date_gmt":"2025-06-08T19:08:20","guid":{"rendered":"https:\/\/www.europesays.com\/fr\/161560\/"},"modified":"2025-06-08T19:08:20","modified_gmt":"2025-06-08T19:08:20","slug":"multimedia-he-lifeng-se-rendra-au-royaume-uni-et-tiendra-la-premiere-reunion-du-mecanisme-de-consultation-economique-et-commerciale-chine-etats-unis-xinhua","status":"publish","type":"post","link":"https:\/\/www.europesays.com\/fr\/161560\/","title":{"rendered":"(Multim\u00e9dia) He Lifeng se rendra au Royaume-Uni et tiendra la premi\u00e8re r\u00e9union du m\u00e9canisme de consultation \u00e9conomique et commerciale Chine-Etats-Unis &#8211; Xinhua"},"content":{"rendered":"<p><img decoding=\"async\" controls=\"controls\" src=\"https:\/\/www.europesays.com\/fr\/wp-content\/uploads\/2025\/06\/202506086fc3a21507e44d938fb717529db88c31_XxjwsfF007001_20250608_CBMFN0A001.jpg\"\/><\/p>\n<p>BEIJING, 8 juin (Xinhua) &#8212; A l&rsquo;invitation du gouvernement britannique, He Lifeng, membre du Bureau politique du Comit\u00e9 central du Parti communiste chinois et vice-Premier ministre du Conseil des Affaires d&rsquo;Etat, effectuera une visite au Royaume-Uni du 8 au 13 juin, a annonc\u00e9 samedi un porte-parole du minist\u00e8re chinois des Affaires \u00e9trang\u00e8res.<\/p>\n<p>Au cours de son s\u00e9jour au Royaume-Uni, M. He tiendra, avec la partie am\u00e9ricaine, la premi\u00e8re r\u00e9union du m\u00e9canisme de consultation \u00e9conomique et commerciale Chine-Etats-Unis, a indiqu\u00e9 le porte-parole. \u25a0<\/p>\n","protected":false},"excerpt":{"rendered":"BEIJING, 8 juin (Xinhua) &#8212; A l&rsquo;invitation du gouvernement britannique, He Lifeng, membre du Bureau politique du Comit\u00e9&hellip;\n","protected":false},"author":2,"featured_media":161561,"comment_status":"","ping_status":"","sticky":false,"template":"","format":"standard","meta":{"footnotes":""},"categories":[1588],"tags":[11,309,73,1777,674,12,473,1853,1851,1850,1852],"class_list":{"0":"post-161560","1":"post","2":"type-post","3":"status-publish","4":"format-standard","5":"has-post-thumbnail","7":"category-royaume-uni","8":"tag-actualites","9":"tag-chine","10":"tag-etats-unis","11":"tag-eu","12":"tag-europe","13":"tag-news","14":"tag-royaume-uni","15":"tag-royaume-uni-de-grande-bretagne-et-dirlande-du-nord","16":"tag-uk","17":"tag-united-kingdom","18":"tag-united-kingdom-of-great-britain-and-northern-ireland"},"share_on_mastodon":{"url":"https:\/\/pubeurope.com\/@fr\/114649320931684626","error":""},"_links":{"self":[{"href":"https:\/\/www.europesays.com\/fr\/wp-json\/wp\/v2\/posts\/161560","targetHints":{"allow":["GET"]}}],"collection":[{"href":"https:\/\/www.europesays.com\/fr\/wp-json\/wp\/v2\/posts"}],"about":[{"href":"https:\/\/www.europesays.com\/fr\/wp-json\/wp\/v2\/types\/post"}],"author":[{"embeddable":true,"href":"https:\/\/www.europesays.com\/fr\/wp-json\/wp\/v2\/users\/2"}],"replies":[{"embeddable":true,"href":"https:\/\/www.europesays.com\/fr\/wp-json\/wp\/v2\/comments?post=161560"}],"version-history":[{"count":0,"href":"https:\/\/www.europesays.com\/fr\/wp-json\/wp\/v2\/posts\/161560\/revisions"}],"wp:featuredmedia":[{"embeddable":true,"href":"https:\/\/www.europesays.com\/fr\/wp-json\/wp\/v2\/media\/161561"}],"wp:attachment":[{"href":"https:\/\/www.europesays.com\/fr\/wp-json\/wp\/v2\/media?parent=161560"}],"wp:term":[{"taxonomy":"category","embeddable":true,"href":"https:\/\/www.europesays.com\/fr\/wp-json\/wp\/v2\/categories?post=161560"},{"taxonomy":"post_tag","embeddable":true,"href":"https:\/\/www.europesays.com\/fr\/wp-json\/wp\/v2\/tags?post=161560"}],"curies":[{"name":"wp","href":"https:\/\/api.w.org\/{rel}","templated":true}]}}