{"id":161566,"date":"2025-06-08T19:11:16","date_gmt":"2025-06-08T19:11:16","guid":{"rendered":"https:\/\/www.europesays.com\/fr\/161566\/"},"modified":"2025-06-08T19:11:16","modified_gmt":"2025-06-08T19:11:16","slug":"art-rock-a-eu-une-grosse-fievre-au-forum-avec-menades","status":"publish","type":"post","link":"https:\/\/www.europesays.com\/fr\/161566\/","title":{"rendered":"Art Rock a eu une grosse fi\u00e8vre au Forum avec M\u00e9nades"},"content":{"rendered":"<p>Pendant que le public de Poulain-Corbion \u00ab\u00a0recherchait des sensations\u00a0\u00bb avec La Femme, le Forum en a v\u00e9cues avec une intensit\u00e9 redoutable, gr\u00e2ce \u00e0 M\u00e9nades en ouverture de soir\u00e9e. Le parterre tr\u00e8s clairsem\u00e9 s\u2019est rapidement fourni de festivaliers face \u00e0 la grosse fi\u00e8vre install\u00e9e par Eva Bottega, la chanteuse. Le punk rock psych\u00e9 incandescent de M\u00e9nades, la furieuse \u00e9nergie et la puissance vocale sur des morceaux en fran\u00e7ais et anglais produit un m\u00e9lange explosif qui a tout \u00ab\u00a0cram\u00e9\u00a0\u00bb. Vivifiant\u00a0!<\/p>\n","protected":false},"excerpt":{"rendered":"Pendant que le public de Poulain-Corbion \u00ab\u00a0recherchait des sensations\u00a0\u00bb avec La Femme, le Forum en a v\u00e9cues avec&hellip;\n","protected":false},"author":2,"featured_media":161567,"comment_status":"","ping_status":"","sticky":false,"template":"","format":"standard","meta":{"footnotes":""},"categories":[1586],"tags":[11,29368,1777,674,1779,1011,27,12,25,4937,1778,364],"class_list":{"0":"post-161566","1":"post","2":"type-post","3":"status-publish","4":"format-standard","5":"has-post-thumbnail","7":"category-europe","8":"tag-actualites","9":"tag-art-rock","10":"tag-eu","11":"tag-europe","12":"tag-european-union","13":"tag-fr","14":"tag-france","15":"tag-news","16":"tag-republique-francaise","17":"tag-saint-brieuc","18":"tag-ue","19":"tag-union-europeenne"},"share_on_mastodon":{"url":"https:\/\/pubeurope.com\/@fr\/114649332742288744","error":""},"_links":{"self":[{"href":"https:\/\/www.europesays.com\/fr\/wp-json\/wp\/v2\/posts\/161566","targetHints":{"allow":["GET"]}}],"collection":[{"href":"https:\/\/www.europesays.com\/fr\/wp-json\/wp\/v2\/posts"}],"about":[{"href":"https:\/\/www.europesays.com\/fr\/wp-json\/wp\/v2\/types\/post"}],"author":[{"embeddable":true,"href":"https:\/\/www.europesays.com\/fr\/wp-json\/wp\/v2\/users\/2"}],"replies":[{"embeddable":true,"href":"https:\/\/www.europesays.com\/fr\/wp-json\/wp\/v2\/comments?post=161566"}],"version-history":[{"count":0,"href":"https:\/\/www.europesays.com\/fr\/wp-json\/wp\/v2\/posts\/161566\/revisions"}],"wp:featuredmedia":[{"embeddable":true,"href":"https:\/\/www.europesays.com\/fr\/wp-json\/wp\/v2\/media\/161567"}],"wp:attachment":[{"href":"https:\/\/www.europesays.com\/fr\/wp-json\/wp\/v2\/media?parent=161566"}],"wp:term":[{"taxonomy":"category","embeddable":true,"href":"https:\/\/www.europesays.com\/fr\/wp-json\/wp\/v2\/categories?post=161566"},{"taxonomy":"post_tag","embeddable":true,"href":"https:\/\/www.europesays.com\/fr\/wp-json\/wp\/v2\/tags?post=161566"}],"curies":[{"name":"wp","href":"https:\/\/api.w.org\/{rel}","templated":true}]}}