{"id":161576,"date":"2025-06-08T19:16:08","date_gmt":"2025-06-08T19:16:08","guid":{"rendered":"https:\/\/www.europesays.com\/fr\/161576\/"},"modified":"2025-06-08T19:16:08","modified_gmt":"2025-06-08T19:16:08","slug":"un-nouveau-succes-pour-les-suissesses-rts-ch","status":"publish","type":"post","link":"https:\/\/www.europesays.com\/fr\/161576\/","title":{"rendered":"Un nouveau succ\u00e8s pour les Suissesses &#8211; rts.ch"},"content":{"rendered":"<p>L&rsquo;\u00e9quipe de Suisse dames reste invaincue avant la phase d\u00e9cisive de la qualification pour l&rsquo;Euro. A Sch\u00f6nenwerd, elle a battu Isra\u00ebl 3-0 (25-18 28-26 25-17) en European Silver League.<\/p>\n<p>Les prot\u00e9g\u00e9es de Lauren Bertolacci ont ainsi empoch\u00e9 un quatri\u00e8me succ\u00e8s en autant de matches dans cette comp\u00e9tition. Elles ont surtout pr\u00e9serv\u00e9 leurs chances de se qualifier pour les finales, voire de monter en Golden League. Elles affronteront encore la Lettonie et l&rsquo;Autriche le week-end prochain.<\/p>\n<p>Mais le grand objectif est la qualification pour la phase finale de l&rsquo;Euro 2026. La Suisse a besoin au minimum d&rsquo;une victoire lors de ses deux derni\u00e8res rencontres face \u00e0 la Finlande (2 ao\u00fbt) et en Allemagne (6 ao\u00fbt).<\/p>\n<p class=\"sources\">ats\/fg<\/p>\n","protected":false},"excerpt":{"rendered":"L&rsquo;\u00e9quipe de Suisse dames reste invaincue avant la phase d\u00e9cisive de la qualification pour l&rsquo;Euro. A Sch\u00f6nenwerd, elle&hellip;\n","protected":false},"author":2,"featured_media":161577,"comment_status":"","ping_status":"","sticky":false,"template":"","format":"standard","meta":{"footnotes":""},"categories":[1417],"tags":[3062,29369,1011,27,517,60,6006,27390,1264,1470,1632,1469],"class_list":{"0":"post-161576","1":"post","2":"type-post","3":"status-publish","4":"format-standard","5":"has-post-thumbnail","7":"category-volley","8":"tag-autres-sports","9":"tag-competition-de-qualification","10":"tag-fr","11":"tag-france","12":"tag-sport","13":"tag-sports","14":"tag-succes","15":"tag-suisses","16":"tag-victoire","17":"tag-volley","18":"tag-volley-ball","19":"tag-volleyball"},"share_on_mastodon":{"url":"https:\/\/pubeurope.com\/@fr\/114649352339566660","error":""},"_links":{"self":[{"href":"https:\/\/www.europesays.com\/fr\/wp-json\/wp\/v2\/posts\/161576","targetHints":{"allow":["GET"]}}],"collection":[{"href":"https:\/\/www.europesays.com\/fr\/wp-json\/wp\/v2\/posts"}],"about":[{"href":"https:\/\/www.europesays.com\/fr\/wp-json\/wp\/v2\/types\/post"}],"author":[{"embeddable":true,"href":"https:\/\/www.europesays.com\/fr\/wp-json\/wp\/v2\/users\/2"}],"replies":[{"embeddable":true,"href":"https:\/\/www.europesays.com\/fr\/wp-json\/wp\/v2\/comments?post=161576"}],"version-history":[{"count":0,"href":"https:\/\/www.europesays.com\/fr\/wp-json\/wp\/v2\/posts\/161576\/revisions"}],"wp:featuredmedia":[{"embeddable":true,"href":"https:\/\/www.europesays.com\/fr\/wp-json\/wp\/v2\/media\/161577"}],"wp:attachment":[{"href":"https:\/\/www.europesays.com\/fr\/wp-json\/wp\/v2\/media?parent=161576"}],"wp:term":[{"taxonomy":"category","embeddable":true,"href":"https:\/\/www.europesays.com\/fr\/wp-json\/wp\/v2\/categories?post=161576"},{"taxonomy":"post_tag","embeddable":true,"href":"https:\/\/www.europesays.com\/fr\/wp-json\/wp\/v2\/tags?post=161576"}],"curies":[{"name":"wp","href":"https:\/\/api.w.org\/{rel}","templated":true}]}}